{"id":29102,"date":"2005-02-15T07:57:46","date_gmt":"2005-02-15T07:57:46","guid":{"rendered":"http:\/\/www.aceguarulhos.com.br\/blog\/?p=29102"},"modified":"-0001-11-30T00:00:00","modified_gmt":"-0001-11-30T03:00:00","slug":"lula-e-ch%c3%a1vez-selam-alian%c3%a7a-estrat%c3%a9gica","status":"publish","type":"post","link":"https:\/\/www.aceguarulhos.com.br\/blog\/lula-e-ch%c3%a1vez-selam-alian%c3%a7a-estrat%c3%a9gica\/","title":{"rendered":"Lula e Ch\u00e1vez selam alian\u00e7a estrat\u00e9gica"},"content":{"rendered":"<p><P>Brasil e Venezuela assinaram nesta segunda-feira, 14, em Caracas, uma gama ampla de acordos para desenvolverem projetos conjuntos nas \u00e1reas petrol\u00edfera, petroqu\u00edmica, militar, de minera\u00e7\u00e3o e de infra-estrutura. Trata-se de um esfor\u00e7o para criar uma alian\u00e7a estrat\u00e9gica. <BR>Os dois pa\u00edses t\u00eam incrementado de forma substancial o com\u00e9rcio bilateral, que passou de US$ 880 milh\u00f5es em 2003 para US$ 1,6 bilh\u00e3o em 2004. A expectativa \u00e9 que em 2005, esses n\u00fameros cheguem a US$ 3 bilh\u00f5es. <\/P><P>&#8220;Nossos dois governos decidiram tornar realidade o sonho de forjar uma verdadeira alian\u00e7a estrat\u00e9gica. Essa associa\u00e7\u00e3o dar\u00e1 uma complementariedade in\u00e9dita a nossas duas economias&#8221;, salientou o presidente Luiz In\u00e1cio Lula da Silva, na abertura de um encontro binacional de empres\u00e1rios em Caracas, onde chegou no domingo. <\/P><P>Lula mant\u00e9m rela\u00e7\u00f5es cordiais com os Estados Unidos ao mesmo tempo em que promove a integra\u00e7\u00e3o sul-americana, algo que o nacionalista Hugo Ch\u00e1vez, presidente da Venezuela, busca acelerar. <\/P><P>&#8220;Hoje (14 de fevereiro), \u00e9 um ano que promete ser feliz em todas as ordens, apesar de haver muitas amea\u00e7as no mundo. Precisamente por causa das amea\u00e7as que existem no mundo \u00e9 priorit\u00e1rio, \u00e9 urgente, acelerar a marcha da integra\u00e7\u00e3o do sul&#8221;, afirmou o presidente venezuelano. <\/P><P>&#8220;Estamos total e absolutamente convencidos, na Venezuela, de que a solu\u00e7\u00e3o para nossos problemas n\u00e3o est\u00e1 no norte, est\u00e1 aqui entre n\u00f3s mesmos&#8221;, completou Ch\u00e1vez. \u00c9 sabido que presidente venezuelano tem como h\u00e1bito atacar o &#8220;imperialismo&#8221; e o &#8220;capitalismo&#8221; dos Estados Unidos, o principal comprador do petr\u00f3leo venezuelano. <\/P><P>A chancelaria brasileira disse na semana passada que a &#8220;alian\u00e7a estrat\u00e9gica&#8221; se centraria nas \u00e1reas de defesa e prote\u00e7\u00e3o da selva amaz\u00f4nica, na explora\u00e7\u00e3o de petr\u00f3leo e g\u00e1s al\u00e9m das \u00e1reas de petroqu\u00edmica, de produ\u00e7\u00e3o de etanol e biodiesel, minera\u00e7\u00e3o, siderurgia e projetos de infra-estrutura, entre outros. <\/P><P><STRONG>Convoca\u00e7\u00e3o aos empres\u00e1rios <\/STRONG><\/P><P>Lula destacou os acordos que as estatais Petr\u00f3leos de Venezuela (PDVSA) e Petrobras assinar\u00e3o para construir conjuntamente uma refinaria no Brasil e para fazer prospec\u00e7\u00f5es na Venezuela, al\u00e9m de estruturar uma petroqu\u00edmica. Por seu lado, Ch\u00e1vez alertou que existem outros 14 conv\u00eanios a serem firmados por ambos os presidentes. <\/P><P>&#8220;S\u00e3o muito promissoras as perspectivas para 2005, sobretudo no setor energ\u00e9tico&#8221;, disse Lula. Ap\u00f3s o encontro, ele seguiu para Guiana Francesa e Suriname. <\/P><P>Na \u00e1rea de minera\u00e7\u00e3o, ele falou sobre as possibilidades de explora\u00e7\u00e3o de ferro, carv\u00e3o, bauxita e n\u00edquel por uma empresa binacional que seria constitu\u00edda pela brasileira Companhia Vale do Rio Doce e pela estatal venezuelana Carbozulia. <\/P><P>O presidente brasileiro tamb\u00e9m destacou os entendimentos com a Embraer, que permitir\u00e3o \u00e0 Venezuela se associar no processo de montagem de avi\u00f5es. Ch\u00e1vez disse no domingo que no Brasil ser\u00e3o constru\u00eddos avi\u00f5es Tucanos para a for\u00e7a a\u00e9rea de seu pa\u00eds. <\/P><P>Lula tamb\u00e9m se referiu a acordos para que empres\u00e1rios brasileiros desenvolvam uma terceira ponte sobre o rio venezuelano Orinoco, assim como a coopera\u00e7\u00e3o na monitora\u00e7\u00e3o do espa\u00e7o a\u00e9reo do Amazonas e maior coopera\u00e7\u00e3o na vigil\u00e2ncia dessa extensa regi\u00e3o. <\/P><P>&#8220;Essas not\u00edcias nos enchem de orgulho e esperan\u00e7a, pois representam uma oportunidade de gera\u00e7\u00e3o de empregos e riqueza nos dois lados da fronteira&#8221;, afirmou o presidente brasileiro. <\/P><P>Os dois presidentes convocaram os empres\u00e1rios de ambas na\u00e7\u00f5es a se somarem ao processo de integra\u00e7\u00e3o e os estimularam a assinar acordos e conv\u00eanios. <\/P><P>Estava prevista a assinatura de um acordo para evitar a bitributa\u00e7\u00e3o de empresas, e que o Brasil torne mais r\u00e1pida a libera\u00e7\u00e3o de cr\u00e9ditos para financiar a exporta\u00e7\u00e3o de bens e servi\u00e7os para projetos de infra-estrutura na Venezuela.<\/P><\/p>\n","protected":false},"excerpt":{"rendered":"Brasil e Venezuela assinaram nesta segunda-feira, 14, em Caracas, uma gama ampla de acordos para desenvolverem projetos conjuntos nas \u00e1reas petrol\u00edfera, petroqu\u00edmica, militar, \n<a class=\"moretag\" href=\"https:\/\/www.aceguarulhos.com.br\/blog\/lula-e-ch%c3%a1vez-selam-alian%c3%a7a-estrat%c3%a9gica\/\"> [...]<\/a>","protected":false},"author":8,"featured_media":0,"comment_status":"open","ping_status":"open","sticky":false,"template":"","format":"standard","meta":{"footnotes":""},"categories":[2],"tags":[],"class_list":["post-29102","post","type-post","status-publish","format-standard","hentry","category-noticias"],"yoast_head":"<!-- This site is optimized with the Yoast SEO plugin v28.1 - https:\/\/yoast.com\/product\/yoast-seo-wordpress\/ -->\n<title>Lula e Ch\u00e1vez selam alian\u00e7a estrat\u00e9gica - ACE-Guarulhos<\/title>\n<meta name=\"robots\" content=\"index, follow, max-snippet:-1, max-image-preview:large, max-video-preview:-1\" \/>\n<link rel=\"canonical\" href=\"https:\/\/www.aceguarulhos.com.br\/blog\/lula-e-ch\u00e1vez-selam-alian\u00e7a-estrat\u00e9gica\/\" \/>\n<meta property=\"og:locale\" content=\"pt_BR\" \/>\n<meta property=\"og:type\" content=\"article\" \/>\n<meta property=\"og:title\" content=\"Lula e Ch\u00e1vez selam alian\u00e7a estrat\u00e9gica - ACE-Guarulhos\" \/>\n<meta property=\"og:description\" content=\"Brasil e Venezuela assinaram nesta segunda-feira, 14, em Caracas, uma gama ampla de acordos para desenvolverem projetos conjuntos nas \u00e1reas petrol\u00edfera, petroqu\u00edmica, militar,\" \/>\n<meta property=\"og:url\" content=\"https:\/\/www.aceguarulhos.com.br\/blog\/lula-e-ch\u00e1vez-selam-alian\u00e7a-estrat\u00e9gica\/\" \/>\n<meta property=\"og:site_name\" content=\"ACE-Guarulhos\" \/>\n<meta property=\"article:publisher\" content=\"https:\/\/www.facebook.com\/aceguarulhos\/\" \/>\n<meta property=\"article:published_time\" content=\"2005-02-15T07:57:46+00:00\" \/>\n<meta name=\"author\" content=\"Assessoria de Imprensa ACE-Guarulhos\" \/>\n<meta name=\"twitter:card\" content=\"summary_large_image\" \/>\n<meta name=\"twitter:label1\" content=\"Escrito por\" \/>\n\t<meta name=\"twitter:data1\" content=\"Assessoria de Imprensa ACE-Guarulhos\" \/>\n\t<meta name=\"twitter:label2\" content=\"Est. tempo de leitura\" \/>\n\t<meta name=\"twitter:data2\" content=\"3 minutos\" \/>\n<script type=\"application\/ld+json\" class=\"yoast-schema-graph\">{\"@context\":\"https:\\\/\\\/schema.org\",\"@graph\":[{\"@type\":\"Article\",\"@id\":\"https:\\\/\\\/www.aceguarulhos.com.br\\\/blog\\\/lula-e-ch%c3%a1vez-selam-alian%c3%a7a-estrat%c3%a9gica\\\/#article\",\"isPartOf\":{\"@id\":\"https:\\\/\\\/www.aceguarulhos.com.br\\\/blog\\\/lula-e-ch%c3%a1vez-selam-alian%c3%a7a-estrat%c3%a9gica\\\/\"},\"author\":{\"name\":\"Assessoria de Imprensa ACE-Guarulhos\",\"@id\":\"https:\\\/\\\/www.aceguarulhos.com.br\\\/blog\\\/#\\\/schema\\\/person\\\/6983b51bad37489989e4f09698c26237\"},\"headline\":\"Lula e Ch\u00e1vez selam alian\u00e7a estrat\u00e9gica\",\"datePublished\":\"2005-02-15T07:57:46+00:00\",\"mainEntityOfPage\":{\"@id\":\"https:\\\/\\\/www.aceguarulhos.com.br\\\/blog\\\/lula-e-ch%c3%a1vez-selam-alian%c3%a7a-estrat%c3%a9gica\\\/\"},\"wordCount\":654,\"commentCount\":0,\"publisher\":{\"@id\":\"https:\\\/\\\/www.aceguarulhos.com.br\\\/blog\\\/#organization\"},\"articleSection\":[\"Not\u00edcias\"],\"inLanguage\":\"pt-BR\"},{\"@type\":\"WebPage\",\"@id\":\"https:\\\/\\\/www.aceguarulhos.com.br\\\/blog\\\/lula-e-ch%c3%a1vez-selam-alian%c3%a7a-estrat%c3%a9gica\\\/\",\"url\":\"https:\\\/\\\/www.aceguarulhos.com.br\\\/blog\\\/lula-e-ch%c3%a1vez-selam-alian%c3%a7a-estrat%c3%a9gica\\\/\",\"name\":\"Lula e Ch\u00e1vez selam alian\u00e7a estrat\u00e9gica - ACE-Guarulhos\",\"isPartOf\":{\"@id\":\"https:\\\/\\\/www.aceguarulhos.com.br\\\/blog\\\/#website\"},\"datePublished\":\"2005-02-15T07:57:46+00:00\",\"breadcrumb\":{\"@id\":\"https:\\\/\\\/www.aceguarulhos.com.br\\\/blog\\\/lula-e-ch%c3%a1vez-selam-alian%c3%a7a-estrat%c3%a9gica\\\/#breadcrumb\"},\"inLanguage\":\"pt-BR\",\"potentialAction\":[{\"@type\":\"ReadAction\",\"target\":[\"https:\\\/\\\/www.aceguarulhos.com.br\\\/blog\\\/lula-e-ch%c3%a1vez-selam-alian%c3%a7a-estrat%c3%a9gica\\\/\"]}]},{\"@type\":\"BreadcrumbList\",\"@id\":\"https:\\\/\\\/www.aceguarulhos.com.br\\\/blog\\\/lula-e-ch%c3%a1vez-selam-alian%c3%a7a-estrat%c3%a9gica\\\/#breadcrumb\",\"itemListElement\":[{\"@type\":\"ListItem\",\"position\":1,\"name\":\"In\u00edcio\",\"item\":\"https:\\\/\\\/www.aceguarulhos.com.br\\\/blog\\\/\"},{\"@type\":\"ListItem\",\"position\":2,\"name\":\"Lula e Ch\u00e1vez selam alian\u00e7a estrat\u00e9gica\"}]},{\"@type\":\"WebSite\",\"@id\":\"https:\\\/\\\/www.aceguarulhos.com.br\\\/blog\\\/#website\",\"url\":\"https:\\\/\\\/www.aceguarulhos.com.br\\\/blog\\\/\",\"name\":\"ACE-Guarulhos\",\"description\":\"A ACE-Guarulhos \u00e9 uma associa\u00e7\u00e3o que ap\u00f3ia os empres\u00e1rios guarulhenses atrav\u00e9s da representa\u00e7\u00e3o, da gera\u00e7\u00e3o de neg\u00f3cios e presta\u00e7\u00e3o de servi\u00e7os.\",\"publisher\":{\"@id\":\"https:\\\/\\\/www.aceguarulhos.com.br\\\/blog\\\/#organization\"},\"potentialAction\":[{\"@type\":\"SearchAction\",\"target\":{\"@type\":\"EntryPoint\",\"urlTemplate\":\"https:\\\/\\\/www.aceguarulhos.com.br\\\/blog\\\/?s={search_term_string}\"},\"query-input\":{\"@type\":\"PropertyValueSpecification\",\"valueRequired\":true,\"valueName\":\"search_term_string\"}}],\"inLanguage\":\"pt-BR\"},{\"@type\":\"Organization\",\"@id\":\"https:\\\/\\\/www.aceguarulhos.com.br\\\/blog\\\/#organization\",\"name\":\"ACE-Guarulhos\",\"url\":\"https:\\\/\\\/www.aceguarulhos.com.br\\\/blog\\\/\",\"logo\":{\"@type\":\"ImageObject\",\"inLanguage\":\"pt-BR\",\"@id\":\"https:\\\/\\\/www.aceguarulhos.com.br\\\/blog\\\/#\\\/schema\\\/logo\\\/image\\\/\",\"url\":\"https:\\\/\\\/www.aceguarulhos.com.br\\\/blog\\\/wp-content\\\/uploads\\\/2017\\\/12\\\/logo-aceguarulhos-2018.png\",\"contentUrl\":\"https:\\\/\\\/www.aceguarulhos.com.br\\\/blog\\\/wp-content\\\/uploads\\\/2017\\\/12\\\/logo-aceguarulhos-2018.png\",\"width\":419,\"height\":76,\"caption\":\"ACE-Guarulhos\"},\"image\":{\"@id\":\"https:\\\/\\\/www.aceguarulhos.com.br\\\/blog\\\/#\\\/schema\\\/logo\\\/image\\\/\"},\"sameAs\":[\"https:\\\/\\\/www.facebook.com\\\/aceguarulhos\\\/\",\"https:\\\/\\\/br.linkedin.com\\\/in\\\/ace-guarulhos-b9a97093\",\"https:\\\/\\\/www.youtube.com\\\/user\\\/aceguarulhos\"]},{\"@type\":\"Person\",\"@id\":\"https:\\\/\\\/www.aceguarulhos.com.br\\\/blog\\\/#\\\/schema\\\/person\\\/6983b51bad37489989e4f09698c26237\",\"name\":\"Assessoria de Imprensa ACE-Guarulhos\",\"image\":{\"@type\":\"ImageObject\",\"inLanguage\":\"pt-BR\",\"@id\":\"https:\\\/\\\/secure.gravatar.com\\\/avatar\\\/707f3fadd6918afeb64173ab22d8a8cb0676953098a4f31ff36dc2b4c699ef6a?s=96&d=mm&r=g\",\"url\":\"https:\\\/\\\/secure.gravatar.com\\\/avatar\\\/707f3fadd6918afeb64173ab22d8a8cb0676953098a4f31ff36dc2b4c699ef6a?s=96&d=mm&r=g\",\"contentUrl\":\"https:\\\/\\\/secure.gravatar.com\\\/avatar\\\/707f3fadd6918afeb64173ab22d8a8cb0676953098a4f31ff36dc2b4c699ef6a?s=96&d=mm&r=g\",\"caption\":\"Assessoria de Imprensa ACE-Guarulhos\"},\"url\":\"https:\\\/\\\/www.aceguarulhos.com.br\\\/blog\\\/author\\\/assessoria-de-imprensa-ace-guarulhos\\\/\"}]}<\/script>\n<!-- \/ Yoast SEO plugin. -->","yoast_head_json":{"title":"Lula e Ch\u00e1vez selam alian\u00e7a estrat\u00e9gica - ACE-Guarulhos","robots":{"index":"index","follow":"follow","max-snippet":"max-snippet:-1","max-image-preview":"max-image-preview:large","max-video-preview":"max-video-preview:-1"},"canonical":"https:\/\/www.aceguarulhos.com.br\/blog\/lula-e-ch\u00e1vez-selam-alian\u00e7a-estrat\u00e9gica\/","og_locale":"pt_BR","og_type":"article","og_title":"Lula e Ch\u00e1vez selam alian\u00e7a estrat\u00e9gica - ACE-Guarulhos","og_description":"Brasil e Venezuela assinaram nesta segunda-feira, 14, em Caracas, uma gama ampla de acordos para desenvolverem projetos conjuntos nas \u00e1reas petrol\u00edfera, petroqu\u00edmica, militar,","og_url":"https:\/\/www.aceguarulhos.com.br\/blog\/lula-e-ch\u00e1vez-selam-alian\u00e7a-estrat\u00e9gica\/","og_site_name":"ACE-Guarulhos","article_publisher":"https:\/\/www.facebook.com\/aceguarulhos\/","article_published_time":"2005-02-15T07:57:46+00:00","author":"Assessoria de Imprensa ACE-Guarulhos","twitter_card":"summary_large_image","twitter_misc":{"Escrito por":"Assessoria de Imprensa ACE-Guarulhos","Est. tempo de leitura":"3 minutos"},"schema":{"@context":"https:\/\/schema.org","@graph":[{"@type":"Article","@id":"https:\/\/www.aceguarulhos.com.br\/blog\/lula-e-ch%c3%a1vez-selam-alian%c3%a7a-estrat%c3%a9gica\/#article","isPartOf":{"@id":"https:\/\/www.aceguarulhos.com.br\/blog\/lula-e-ch%c3%a1vez-selam-alian%c3%a7a-estrat%c3%a9gica\/"},"author":{"name":"Assessoria de Imprensa ACE-Guarulhos","@id":"https:\/\/www.aceguarulhos.com.br\/blog\/#\/schema\/person\/6983b51bad37489989e4f09698c26237"},"headline":"Lula e Ch\u00e1vez selam alian\u00e7a estrat\u00e9gica","datePublished":"2005-02-15T07:57:46+00:00","mainEntityOfPage":{"@id":"https:\/\/www.aceguarulhos.com.br\/blog\/lula-e-ch%c3%a1vez-selam-alian%c3%a7a-estrat%c3%a9gica\/"},"wordCount":654,"commentCount":0,"publisher":{"@id":"https:\/\/www.aceguarulhos.com.br\/blog\/#organization"},"articleSection":["Not\u00edcias"],"inLanguage":"pt-BR"},{"@type":"WebPage","@id":"https:\/\/www.aceguarulhos.com.br\/blog\/lula-e-ch%c3%a1vez-selam-alian%c3%a7a-estrat%c3%a9gica\/","url":"https:\/\/www.aceguarulhos.com.br\/blog\/lula-e-ch%c3%a1vez-selam-alian%c3%a7a-estrat%c3%a9gica\/","name":"Lula e Ch\u00e1vez selam alian\u00e7a estrat\u00e9gica - ACE-Guarulhos","isPartOf":{"@id":"https:\/\/www.aceguarulhos.com.br\/blog\/#website"},"datePublished":"2005-02-15T07:57:46+00:00","breadcrumb":{"@id":"https:\/\/www.aceguarulhos.com.br\/blog\/lula-e-ch%c3%a1vez-selam-alian%c3%a7a-estrat%c3%a9gica\/#breadcrumb"},"inLanguage":"pt-BR","potentialAction":[{"@type":"ReadAction","target":["https:\/\/www.aceguarulhos.com.br\/blog\/lula-e-ch%c3%a1vez-selam-alian%c3%a7a-estrat%c3%a9gica\/"]}]},{"@type":"BreadcrumbList","@id":"https:\/\/www.aceguarulhos.com.br\/blog\/lula-e-ch%c3%a1vez-selam-alian%c3%a7a-estrat%c3%a9gica\/#breadcrumb","itemListElement":[{"@type":"ListItem","position":1,"name":"In\u00edcio","item":"https:\/\/www.aceguarulhos.com.br\/blog\/"},{"@type":"ListItem","position":2,"name":"Lula e Ch\u00e1vez selam alian\u00e7a estrat\u00e9gica"}]},{"@type":"WebSite","@id":"https:\/\/www.aceguarulhos.com.br\/blog\/#website","url":"https:\/\/www.aceguarulhos.com.br\/blog\/","name":"ACE-Guarulhos","description":"A ACE-Guarulhos \u00e9 uma associa\u00e7\u00e3o que ap\u00f3ia os empres\u00e1rios guarulhenses atrav\u00e9s da representa\u00e7\u00e3o, da gera\u00e7\u00e3o de neg\u00f3cios e presta\u00e7\u00e3o de servi\u00e7os.","publisher":{"@id":"https:\/\/www.aceguarulhos.com.br\/blog\/#organization"},"potentialAction":[{"@type":"SearchAction","target":{"@type":"EntryPoint","urlTemplate":"https:\/\/www.aceguarulhos.com.br\/blog\/?s={search_term_string}"},"query-input":{"@type":"PropertyValueSpecification","valueRequired":true,"valueName":"search_term_string"}}],"inLanguage":"pt-BR"},{"@type":"Organization","@id":"https:\/\/www.aceguarulhos.com.br\/blog\/#organization","name":"ACE-Guarulhos","url":"https:\/\/www.aceguarulhos.com.br\/blog\/","logo":{"@type":"ImageObject","inLanguage":"pt-BR","@id":"https:\/\/www.aceguarulhos.com.br\/blog\/#\/schema\/logo\/image\/","url":"https:\/\/www.aceguarulhos.com.br\/blog\/wp-content\/uploads\/2017\/12\/logo-aceguarulhos-2018.png","contentUrl":"https:\/\/www.aceguarulhos.com.br\/blog\/wp-content\/uploads\/2017\/12\/logo-aceguarulhos-2018.png","width":419,"height":76,"caption":"ACE-Guarulhos"},"image":{"@id":"https:\/\/www.aceguarulhos.com.br\/blog\/#\/schema\/logo\/image\/"},"sameAs":["https:\/\/www.facebook.com\/aceguarulhos\/","https:\/\/br.linkedin.com\/in\/ace-guarulhos-b9a97093","https:\/\/www.youtube.com\/user\/aceguarulhos"]},{"@type":"Person","@id":"https:\/\/www.aceguarulhos.com.br\/blog\/#\/schema\/person\/6983b51bad37489989e4f09698c26237","name":"Assessoria de Imprensa ACE-Guarulhos","image":{"@type":"ImageObject","inLanguage":"pt-BR","@id":"https:\/\/secure.gravatar.com\/avatar\/707f3fadd6918afeb64173ab22d8a8cb0676953098a4f31ff36dc2b4c699ef6a?s=96&d=mm&r=g","url":"https:\/\/secure.gravatar.com\/avatar\/707f3fadd6918afeb64173ab22d8a8cb0676953098a4f31ff36dc2b4c699ef6a?s=96&d=mm&r=g","contentUrl":"https:\/\/secure.gravatar.com\/avatar\/707f3fadd6918afeb64173ab22d8a8cb0676953098a4f31ff36dc2b4c699ef6a?s=96&d=mm&r=g","caption":"Assessoria de Imprensa ACE-Guarulhos"},"url":"https:\/\/www.aceguarulhos.com.br\/blog\/author\/assessoria-de-imprensa-ace-guarulhos\/"}]}},"wps_subtitle":"","amp_enabled":true,"_links":{"self":[{"href":"https:\/\/www.aceguarulhos.com.br\/blog\/wp-json\/wp\/v2\/posts\/29102","targetHints":{"allow":["GET"]}}],"collection":[{"href":"https:\/\/www.aceguarulhos.com.br\/blog\/wp-json\/wp\/v2\/posts"}],"about":[{"href":"https:\/\/www.aceguarulhos.com.br\/blog\/wp-json\/wp\/v2\/types\/post"}],"author":[{"embeddable":true,"href":"https:\/\/www.aceguarulhos.com.br\/blog\/wp-json\/wp\/v2\/users\/8"}],"replies":[{"embeddable":true,"href":"https:\/\/www.aceguarulhos.com.br\/blog\/wp-json\/wp\/v2\/comments?post=29102"}],"version-history":[{"count":0,"href":"https:\/\/www.aceguarulhos.com.br\/blog\/wp-json\/wp\/v2\/posts\/29102\/revisions"}],"wp:attachment":[{"href":"https:\/\/www.aceguarulhos.com.br\/blog\/wp-json\/wp\/v2\/media?parent=29102"}],"wp:term":[{"taxonomy":"category","embeddable":true,"href":"https:\/\/www.aceguarulhos.com.br\/blog\/wp-json\/wp\/v2\/categories?post=29102"},{"taxonomy":"post_tag","embeddable":true,"href":"https:\/\/www.aceguarulhos.com.br\/blog\/wp-json\/wp\/v2\/tags?post=29102"}],"curies":[{"name":"wp","href":"https:\/\/api.w.org\/{rel}","templated":true}]}}