{"id":29093,"date":"2005-02-11T08:59:08","date_gmt":"2005-02-11T08:59:08","guid":{"rendered":"http:\/\/www.aceguarulhos.com.br\/blog\/?p=29093"},"modified":"-0001-11-30T00:00:00","modified_gmt":"-0001-11-30T03:00:00","slug":"veja-os-bairros-que-ficar%c3%a3o-sem-energia","status":"publish","type":"post","link":"https:\/\/www.aceguarulhos.com.br\/blog\/veja-os-bairros-que-ficar%c3%a3o-sem-energia\/","title":{"rendered":"Veja os bairros que ficar\u00e3o sem energia"},"content":{"rendered":"<p><P>A Bandeirante Energia precisa, eventualmente, interromper o fornecimento de energia el\u00e9trica em algumas localidades de sua \u00e1rea de concess\u00e3o para a realiza\u00e7\u00e3o de servi\u00e7os de melhoria na rede. Embora o fornecimento esteja interrompido, como medida de seguran\u00e7a, os clientes dever\u00e3o considerar energizados todos os seus equipamentos durante o per\u00edodo do servi\u00e7o. Para chamadas de emerg\u00eancia, deve-se ligar 0800-55-0800.<\/P><P><STRONG>Ser\u00e3o realizados servi\u00e7os nas seguintes localidades:<\/STRONG><\/P><P><STRONG>Dia 12\/02\/2005 (S\u00e1bado)<\/STRONG><\/P><P>Vila Galv\u00e3o &#8211; Das 08h \u00e0s 09h30 &#8211; Rua Padre Jo\u00e3o Alvares (entre as ruas Lord Baden Powel e Jos\u00e9 Maria P. Duarte).<\/P><P>Gopo\u00fava &#8211; Das 08h \u00e0s 09h30 &#8211; Avenida Humberto de Alencar Castelo Branco (a partir do n\u00ba 07 da rua Margarida Galv\u00e3o at\u00e9 se encontrar novamente com a rua Margarida Galv\u00e3o).<\/P><P>Vila Fl\u00f3rida &#8211; Das 10h30 \u00e0s 12h30 &#8211; Avenida Brigadeiro Faria Lima (entre as ruas Presidente Oleg\u00e1rio e Jo\u00e3o Rossi).<\/P><P><STRONG>Dia 13\/02\/2005 (Domingo)<\/STRONG><\/P><P>Vila Galv\u00e3o &#8211; Das 08h \u00e0s 12h &#8211; Avenida Humberto Alencar C. Branco (do n\u00ba 03 ao n\u00ba 2.750), rua S\u00e3o Sebasti\u00e3o (do n\u00ba 02 ao n\u00ba 154).<\/P><P><STRONG>Dia 14\/02\/2005 (Segunda-feira)<\/STRONG><\/P><P>Cumbica &#8211; Das 09h \u00e0s 10h &#8211; Rua Itajub\u00e1 (do n\u00ba 64 ao n\u00ba 785), rua Sat\u00e9lite (do n\u00ba 07 ao 115).<\/P><P>Pican\u00e7o &#8211; Das 09h \u00e0s 12h &#8211; Rua Tereza Caseiro (do n\u00ba 02 ao n\u00ba 34), rua \u00c2ngelo Kube (do n\u00ba 02 ao n\u00ba 40), rua Margareth Kramer (do n\u00ba 10 ao n\u00ba 20), rua Ascurra (do n\u00ba 01 ao n\u00ba 07), rua Nair Kube (do n\u00ba 12 ao n\u00ba 18).<\/P><P>Jardim Bela Vista &#8211; Das 13h \u00e0s 15h &#8211; Rua Dona Pina (do n\u00ba 01 ao n\u00ba 50), rua Carilau Cerri (do n\u00ba 03 ao n\u00ba 251), rua Alexandre Coelho (do n\u00ba 02 ao n\u00ba 104).<\/P><P><STRONG>Dia 15\/02\/2005 (Ter\u00e7a-feira)<\/STRONG><\/P><P>Morros &#8211; Das 09h \u00e0s 12h &#8211; Rua Caiva (do n\u00ba 01 ao n\u00ba 93), rua Nossa Senhora dos Rem\u00e9dios (do n\u00ba 02 ao n\u00ba 14), travessa Particular (do n\u00ba 05 ao n\u00ba 108).<\/P><P>Jardim Jovaia &#8211; Das 13h30 \u00e0s 16h30 &#8211; Rua Domingos Araujo de Almeida (do n\u00ba 01 ao n\u00ba 277), rua 8 e (do n\u00ba 08 ao n\u00ba 22), rua 7 (do n\u00ba 07 ao n\u00ba 48), rua Samuel Ferreira de Freitas (do n\u00ba 01 ao n\u00ba 10).<\/P><P><STRONG>Dia 16\/02\/2005 (Quarta-feira)<\/STRONG><\/P><P>Jardim Moreira &#8211; Das 09h \u00e0s 12h &#8211; Rua Barrac\u00e3o (do n\u00ba 01 ao n\u00ba 200), rua Ampere (do n\u00ba 01 ao n\u00ba 18).<\/P><P><STRONG>Dia 17\/02\/2005 (Quinta-feira)<\/STRONG><\/P><P>Vila Galv\u00e3o &#8211; Das 08h \u00e0s 12h &#8211; Rua Soldado Ant\u00f4nio Agostinho (do n\u00ba 05 ao n\u00ba 55), Vereador Alfredo Paiva (do n\u00ba 04 ao n\u00ba 220).<\/P><P><STRONG>Dia 18\/02\/2005 (Sexta-feira)<\/STRONG><\/P><P>Jardim Jovaia &#8211; Das 09h \u00e0s 12h &#8211; Rua Rio do Campo (do n\u00ba 10 ao n\u00ba 105), pra\u00e7a Pinguins (do n\u00ba 2A ao n\u00ba 95), rua Caracas (do n\u00ba 06 ao n\u00ba 113).<\/P><P>Vila Santa Maria &#8211; Das 14h \u00e0s 15h30 &#8211; Rua Grotkwoski (do n\u00ba 07 ao n\u00ba 10), rua Senhorinha Deolinda de Freitas (do n\u00ba 149 ao n\u00ba 555).<\/P><\/p>\n","protected":false},"excerpt":{"rendered":"A Bandeirante Energia precisa, eventualmente, interromper o fornecimento de energia el\u00e9trica em algumas localidades de sua \u00e1rea de concess\u00e3o para a realiza\u00e7\u00e3o de \n<a class=\"moretag\" href=\"https:\/\/www.aceguarulhos.com.br\/blog\/veja-os-bairros-que-ficar%c3%a3o-sem-energia\/\"> [...]<\/a>","protected":false},"author":8,"featured_media":0,"comment_status":"open","ping_status":"open","sticky":false,"template":"","format":"standard","meta":{"footnotes":""},"categories":[2],"tags":[],"class_list":["post-29093","post","type-post","status-publish","format-standard","hentry","category-noticias"],"yoast_head":"<!-- This site is optimized with the Yoast SEO plugin v28.1 - https:\/\/yoast.com\/product\/yoast-seo-wordpress\/ -->\n<title>Veja os bairros que ficar\u00e3o sem energia - ACE-Guarulhos<\/title>\n<meta name=\"robots\" content=\"index, follow, max-snippet:-1, max-image-preview:large, max-video-preview:-1\" \/>\n<link rel=\"canonical\" href=\"https:\/\/www.aceguarulhos.com.br\/blog\/veja-os-bairros-que-ficar\u00e3o-sem-energia\/\" \/>\n<meta property=\"og:locale\" content=\"pt_BR\" \/>\n<meta property=\"og:type\" content=\"article\" \/>\n<meta property=\"og:title\" content=\"Veja os bairros que ficar\u00e3o sem energia - ACE-Guarulhos\" \/>\n<meta property=\"og:description\" content=\"A Bandeirante Energia precisa, eventualmente, interromper o fornecimento de energia el\u00e9trica em algumas localidades de sua \u00e1rea de concess\u00e3o para a realiza\u00e7\u00e3o de\" \/>\n<meta property=\"og:url\" content=\"https:\/\/www.aceguarulhos.com.br\/blog\/veja-os-bairros-que-ficar\u00e3o-sem-energia\/\" \/>\n<meta property=\"og:site_name\" content=\"ACE-Guarulhos\" \/>\n<meta property=\"article:publisher\" content=\"https:\/\/www.facebook.com\/aceguarulhos\/\" \/>\n<meta property=\"article:published_time\" content=\"2005-02-11T08:59:08+00:00\" \/>\n<meta name=\"author\" content=\"Assessoria de Imprensa ACE-Guarulhos\" \/>\n<meta name=\"twitter:card\" content=\"summary_large_image\" \/>\n<meta name=\"twitter:label1\" content=\"Escrito por\" \/>\n\t<meta name=\"twitter:data1\" content=\"Assessoria de Imprensa ACE-Guarulhos\" \/>\n\t<meta name=\"twitter:label2\" content=\"Est. tempo de leitura\" \/>\n\t<meta name=\"twitter:data2\" content=\"2 minutos\" \/>\n<script type=\"application\/ld+json\" class=\"yoast-schema-graph\">{\"@context\":\"https:\\\/\\\/schema.org\",\"@graph\":[{\"@type\":\"Article\",\"@id\":\"https:\\\/\\\/www.aceguarulhos.com.br\\\/blog\\\/veja-os-bairros-que-ficar%c3%a3o-sem-energia\\\/#article\",\"isPartOf\":{\"@id\":\"https:\\\/\\\/www.aceguarulhos.com.br\\\/blog\\\/veja-os-bairros-que-ficar%c3%a3o-sem-energia\\\/\"},\"author\":{\"name\":\"Assessoria de Imprensa ACE-Guarulhos\",\"@id\":\"https:\\\/\\\/www.aceguarulhos.com.br\\\/blog\\\/#\\\/schema\\\/person\\\/6983b51bad37489989e4f09698c26237\"},\"headline\":\"Veja os bairros que ficar\u00e3o sem energia\",\"datePublished\":\"2005-02-11T08:59:08+00:00\",\"mainEntityOfPage\":{\"@id\":\"https:\\\/\\\/www.aceguarulhos.com.br\\\/blog\\\/veja-os-bairros-que-ficar%c3%a3o-sem-energia\\\/\"},\"wordCount\":465,\"commentCount\":0,\"publisher\":{\"@id\":\"https:\\\/\\\/www.aceguarulhos.com.br\\\/blog\\\/#organization\"},\"articleSection\":[\"Not\u00edcias\"],\"inLanguage\":\"pt-BR\"},{\"@type\":\"WebPage\",\"@id\":\"https:\\\/\\\/www.aceguarulhos.com.br\\\/blog\\\/veja-os-bairros-que-ficar%c3%a3o-sem-energia\\\/\",\"url\":\"https:\\\/\\\/www.aceguarulhos.com.br\\\/blog\\\/veja-os-bairros-que-ficar%c3%a3o-sem-energia\\\/\",\"name\":\"Veja os bairros que ficar\u00e3o sem energia - ACE-Guarulhos\",\"isPartOf\":{\"@id\":\"https:\\\/\\\/www.aceguarulhos.com.br\\\/blog\\\/#website\"},\"datePublished\":\"2005-02-11T08:59:08+00:00\",\"breadcrumb\":{\"@id\":\"https:\\\/\\\/www.aceguarulhos.com.br\\\/blog\\\/veja-os-bairros-que-ficar%c3%a3o-sem-energia\\\/#breadcrumb\"},\"inLanguage\":\"pt-BR\",\"potentialAction\":[{\"@type\":\"ReadAction\",\"target\":[\"https:\\\/\\\/www.aceguarulhos.com.br\\\/blog\\\/veja-os-bairros-que-ficar%c3%a3o-sem-energia\\\/\"]}]},{\"@type\":\"BreadcrumbList\",\"@id\":\"https:\\\/\\\/www.aceguarulhos.com.br\\\/blog\\\/veja-os-bairros-que-ficar%c3%a3o-sem-energia\\\/#breadcrumb\",\"itemListElement\":[{\"@type\":\"ListItem\",\"position\":1,\"name\":\"In\u00edcio\",\"item\":\"https:\\\/\\\/www.aceguarulhos.com.br\\\/blog\\\/\"},{\"@type\":\"ListItem\",\"position\":2,\"name\":\"Veja os bairros que ficar\u00e3o sem energia\"}]},{\"@type\":\"WebSite\",\"@id\":\"https:\\\/\\\/www.aceguarulhos.com.br\\\/blog\\\/#website\",\"url\":\"https:\\\/\\\/www.aceguarulhos.com.br\\\/blog\\\/\",\"name\":\"ACE-Guarulhos\",\"description\":\"A ACE-Guarulhos \u00e9 uma associa\u00e7\u00e3o que ap\u00f3ia os empres\u00e1rios guarulhenses atrav\u00e9s da representa\u00e7\u00e3o, da gera\u00e7\u00e3o de neg\u00f3cios e presta\u00e7\u00e3o de servi\u00e7os.\",\"publisher\":{\"@id\":\"https:\\\/\\\/www.aceguarulhos.com.br\\\/blog\\\/#organization\"},\"potentialAction\":[{\"@type\":\"SearchAction\",\"target\":{\"@type\":\"EntryPoint\",\"urlTemplate\":\"https:\\\/\\\/www.aceguarulhos.com.br\\\/blog\\\/?s={search_term_string}\"},\"query-input\":{\"@type\":\"PropertyValueSpecification\",\"valueRequired\":true,\"valueName\":\"search_term_string\"}}],\"inLanguage\":\"pt-BR\"},{\"@type\":\"Organization\",\"@id\":\"https:\\\/\\\/www.aceguarulhos.com.br\\\/blog\\\/#organization\",\"name\":\"ACE-Guarulhos\",\"url\":\"https:\\\/\\\/www.aceguarulhos.com.br\\\/blog\\\/\",\"logo\":{\"@type\":\"ImageObject\",\"inLanguage\":\"pt-BR\",\"@id\":\"https:\\\/\\\/www.aceguarulhos.com.br\\\/blog\\\/#\\\/schema\\\/logo\\\/image\\\/\",\"url\":\"https:\\\/\\\/www.aceguarulhos.com.br\\\/blog\\\/wp-content\\\/uploads\\\/2017\\\/12\\\/logo-aceguarulhos-2018.png\",\"contentUrl\":\"https:\\\/\\\/www.aceguarulhos.com.br\\\/blog\\\/wp-content\\\/uploads\\\/2017\\\/12\\\/logo-aceguarulhos-2018.png\",\"width\":419,\"height\":76,\"caption\":\"ACE-Guarulhos\"},\"image\":{\"@id\":\"https:\\\/\\\/www.aceguarulhos.com.br\\\/blog\\\/#\\\/schema\\\/logo\\\/image\\\/\"},\"sameAs\":[\"https:\\\/\\\/www.facebook.com\\\/aceguarulhos\\\/\",\"https:\\\/\\\/br.linkedin.com\\\/in\\\/ace-guarulhos-b9a97093\",\"https:\\\/\\\/www.youtube.com\\\/user\\\/aceguarulhos\"]},{\"@type\":\"Person\",\"@id\":\"https:\\\/\\\/www.aceguarulhos.com.br\\\/blog\\\/#\\\/schema\\\/person\\\/6983b51bad37489989e4f09698c26237\",\"name\":\"Assessoria de Imprensa ACE-Guarulhos\",\"image\":{\"@type\":\"ImageObject\",\"inLanguage\":\"pt-BR\",\"@id\":\"https:\\\/\\\/secure.gravatar.com\\\/avatar\\\/707f3fadd6918afeb64173ab22d8a8cb0676953098a4f31ff36dc2b4c699ef6a?s=96&d=mm&r=g\",\"url\":\"https:\\\/\\\/secure.gravatar.com\\\/avatar\\\/707f3fadd6918afeb64173ab22d8a8cb0676953098a4f31ff36dc2b4c699ef6a?s=96&d=mm&r=g\",\"contentUrl\":\"https:\\\/\\\/secure.gravatar.com\\\/avatar\\\/707f3fadd6918afeb64173ab22d8a8cb0676953098a4f31ff36dc2b4c699ef6a?s=96&d=mm&r=g\",\"caption\":\"Assessoria de Imprensa ACE-Guarulhos\"},\"url\":\"https:\\\/\\\/www.aceguarulhos.com.br\\\/blog\\\/author\\\/assessoria-de-imprensa-ace-guarulhos\\\/\"}]}<\/script>\n<!-- \/ Yoast SEO plugin. -->","yoast_head_json":{"title":"Veja os bairros que ficar\u00e3o sem energia - ACE-Guarulhos","robots":{"index":"index","follow":"follow","max-snippet":"max-snippet:-1","max-image-preview":"max-image-preview:large","max-video-preview":"max-video-preview:-1"},"canonical":"https:\/\/www.aceguarulhos.com.br\/blog\/veja-os-bairros-que-ficar\u00e3o-sem-energia\/","og_locale":"pt_BR","og_type":"article","og_title":"Veja os bairros que ficar\u00e3o sem energia - ACE-Guarulhos","og_description":"A Bandeirante Energia precisa, eventualmente, interromper o fornecimento de energia el\u00e9trica em algumas localidades de sua \u00e1rea de concess\u00e3o para a realiza\u00e7\u00e3o de","og_url":"https:\/\/www.aceguarulhos.com.br\/blog\/veja-os-bairros-que-ficar\u00e3o-sem-energia\/","og_site_name":"ACE-Guarulhos","article_publisher":"https:\/\/www.facebook.com\/aceguarulhos\/","article_published_time":"2005-02-11T08:59:08+00:00","author":"Assessoria de Imprensa ACE-Guarulhos","twitter_card":"summary_large_image","twitter_misc":{"Escrito por":"Assessoria de Imprensa ACE-Guarulhos","Est. tempo de leitura":"2 minutos"},"schema":{"@context":"https:\/\/schema.org","@graph":[{"@type":"Article","@id":"https:\/\/www.aceguarulhos.com.br\/blog\/veja-os-bairros-que-ficar%c3%a3o-sem-energia\/#article","isPartOf":{"@id":"https:\/\/www.aceguarulhos.com.br\/blog\/veja-os-bairros-que-ficar%c3%a3o-sem-energia\/"},"author":{"name":"Assessoria de Imprensa ACE-Guarulhos","@id":"https:\/\/www.aceguarulhos.com.br\/blog\/#\/schema\/person\/6983b51bad37489989e4f09698c26237"},"headline":"Veja os bairros que ficar\u00e3o sem energia","datePublished":"2005-02-11T08:59:08+00:00","mainEntityOfPage":{"@id":"https:\/\/www.aceguarulhos.com.br\/blog\/veja-os-bairros-que-ficar%c3%a3o-sem-energia\/"},"wordCount":465,"commentCount":0,"publisher":{"@id":"https:\/\/www.aceguarulhos.com.br\/blog\/#organization"},"articleSection":["Not\u00edcias"],"inLanguage":"pt-BR"},{"@type":"WebPage","@id":"https:\/\/www.aceguarulhos.com.br\/blog\/veja-os-bairros-que-ficar%c3%a3o-sem-energia\/","url":"https:\/\/www.aceguarulhos.com.br\/blog\/veja-os-bairros-que-ficar%c3%a3o-sem-energia\/","name":"Veja os bairros que ficar\u00e3o sem energia - ACE-Guarulhos","isPartOf":{"@id":"https:\/\/www.aceguarulhos.com.br\/blog\/#website"},"datePublished":"2005-02-11T08:59:08+00:00","breadcrumb":{"@id":"https:\/\/www.aceguarulhos.com.br\/blog\/veja-os-bairros-que-ficar%c3%a3o-sem-energia\/#breadcrumb"},"inLanguage":"pt-BR","potentialAction":[{"@type":"ReadAction","target":["https:\/\/www.aceguarulhos.com.br\/blog\/veja-os-bairros-que-ficar%c3%a3o-sem-energia\/"]}]},{"@type":"BreadcrumbList","@id":"https:\/\/www.aceguarulhos.com.br\/blog\/veja-os-bairros-que-ficar%c3%a3o-sem-energia\/#breadcrumb","itemListElement":[{"@type":"ListItem","position":1,"name":"In\u00edcio","item":"https:\/\/www.aceguarulhos.com.br\/blog\/"},{"@type":"ListItem","position":2,"name":"Veja os bairros que ficar\u00e3o sem energia"}]},{"@type":"WebSite","@id":"https:\/\/www.aceguarulhos.com.br\/blog\/#website","url":"https:\/\/www.aceguarulhos.com.br\/blog\/","name":"ACE-Guarulhos","description":"A ACE-Guarulhos \u00e9 uma associa\u00e7\u00e3o que ap\u00f3ia os empres\u00e1rios guarulhenses atrav\u00e9s da representa\u00e7\u00e3o, da gera\u00e7\u00e3o de neg\u00f3cios e presta\u00e7\u00e3o de servi\u00e7os.","publisher":{"@id":"https:\/\/www.aceguarulhos.com.br\/blog\/#organization"},"potentialAction":[{"@type":"SearchAction","target":{"@type":"EntryPoint","urlTemplate":"https:\/\/www.aceguarulhos.com.br\/blog\/?s={search_term_string}"},"query-input":{"@type":"PropertyValueSpecification","valueRequired":true,"valueName":"search_term_string"}}],"inLanguage":"pt-BR"},{"@type":"Organization","@id":"https:\/\/www.aceguarulhos.com.br\/blog\/#organization","name":"ACE-Guarulhos","url":"https:\/\/www.aceguarulhos.com.br\/blog\/","logo":{"@type":"ImageObject","inLanguage":"pt-BR","@id":"https:\/\/www.aceguarulhos.com.br\/blog\/#\/schema\/logo\/image\/","url":"https:\/\/www.aceguarulhos.com.br\/blog\/wp-content\/uploads\/2017\/12\/logo-aceguarulhos-2018.png","contentUrl":"https:\/\/www.aceguarulhos.com.br\/blog\/wp-content\/uploads\/2017\/12\/logo-aceguarulhos-2018.png","width":419,"height":76,"caption":"ACE-Guarulhos"},"image":{"@id":"https:\/\/www.aceguarulhos.com.br\/blog\/#\/schema\/logo\/image\/"},"sameAs":["https:\/\/www.facebook.com\/aceguarulhos\/","https:\/\/br.linkedin.com\/in\/ace-guarulhos-b9a97093","https:\/\/www.youtube.com\/user\/aceguarulhos"]},{"@type":"Person","@id":"https:\/\/www.aceguarulhos.com.br\/blog\/#\/schema\/person\/6983b51bad37489989e4f09698c26237","name":"Assessoria de Imprensa ACE-Guarulhos","image":{"@type":"ImageObject","inLanguage":"pt-BR","@id":"https:\/\/secure.gravatar.com\/avatar\/707f3fadd6918afeb64173ab22d8a8cb0676953098a4f31ff36dc2b4c699ef6a?s=96&d=mm&r=g","url":"https:\/\/secure.gravatar.com\/avatar\/707f3fadd6918afeb64173ab22d8a8cb0676953098a4f31ff36dc2b4c699ef6a?s=96&d=mm&r=g","contentUrl":"https:\/\/secure.gravatar.com\/avatar\/707f3fadd6918afeb64173ab22d8a8cb0676953098a4f31ff36dc2b4c699ef6a?s=96&d=mm&r=g","caption":"Assessoria de Imprensa ACE-Guarulhos"},"url":"https:\/\/www.aceguarulhos.com.br\/blog\/author\/assessoria-de-imprensa-ace-guarulhos\/"}]}},"wps_subtitle":"","amp_enabled":true,"_links":{"self":[{"href":"https:\/\/www.aceguarulhos.com.br\/blog\/wp-json\/wp\/v2\/posts\/29093","targetHints":{"allow":["GET"]}}],"collection":[{"href":"https:\/\/www.aceguarulhos.com.br\/blog\/wp-json\/wp\/v2\/posts"}],"about":[{"href":"https:\/\/www.aceguarulhos.com.br\/blog\/wp-json\/wp\/v2\/types\/post"}],"author":[{"embeddable":true,"href":"https:\/\/www.aceguarulhos.com.br\/blog\/wp-json\/wp\/v2\/users\/8"}],"replies":[{"embeddable":true,"href":"https:\/\/www.aceguarulhos.com.br\/blog\/wp-json\/wp\/v2\/comments?post=29093"}],"version-history":[{"count":0,"href":"https:\/\/www.aceguarulhos.com.br\/blog\/wp-json\/wp\/v2\/posts\/29093\/revisions"}],"wp:attachment":[{"href":"https:\/\/www.aceguarulhos.com.br\/blog\/wp-json\/wp\/v2\/media?parent=29093"}],"wp:term":[{"taxonomy":"category","embeddable":true,"href":"https:\/\/www.aceguarulhos.com.br\/blog\/wp-json\/wp\/v2\/categories?post=29093"},{"taxonomy":"post_tag","embeddable":true,"href":"https:\/\/www.aceguarulhos.com.br\/blog\/wp-json\/wp\/v2\/tags?post=29093"}],"curies":[{"name":"wp","href":"https:\/\/api.w.org\/{rel}","templated":true}]}}