{"id":29048,"date":"2005-01-28T15:31:33","date_gmt":"2005-01-28T15:31:33","guid":{"rendered":"http:\/\/www.aceguarulhos.com.br\/blog\/?p=29048"},"modified":"-0001-11-30T00:00:00","modified_gmt":"-0001-11-30T03:00:00","slug":"rumo-%c3%a0-conquista-do-mercado-mundial","status":"publish","type":"post","link":"https:\/\/www.aceguarulhos.com.br\/blog\/rumo-%c3%a0-conquista-do-mercado-mundial\/","title":{"rendered":"Rumo \u00e0 conquista do mercado mundial"},"content":{"rendered":"<p><P>Apesar de reconhecer que o real valorizado pode prejudicar as exporta\u00e7\u00f5es brasileiras no m\u00e9dio prazo, o ministro do Desenvolvimento, Ind\u00fastria e Com\u00e9rcio Exterior (MDIC), Luiz Fernando Furlan, diz que o governo est\u00e1 atento a esse e outros problemas e disposto a resolv\u00ea-los, dando prioridade ao com\u00e9rcio externo brasileiro. <\/P><P>Em entrevista exclusiva ao Di\u00e1rio do Com\u00e9rcio , na sede do Banco Nacional de Desenvolvimento Econ\u00f4mico e Social (BNDES), em S\u00e3o Paulo, ele garante que o governo est\u00e1 reduzindo impostos, simplificando processos burocr\u00e1ticos e investindo na infra-estrutura ferrovi\u00e1ria, portu\u00e1ria e aeroportu\u00e1ria para evitar &#8220;gargalos&#8221; de curto prazo para os exportadores. <\/P><P>O ministro tamb\u00e9m est\u00e1 convencido que o n\u00famero de pequenas empresas engajadas no com\u00e9rcio mundial crescer\u00e1 em 2005, e que a negocia\u00e7\u00e3o com a Uni\u00e3o Europ\u00e9ia (UE) \u00e9 a mais importante, pois poder\u00e1 trazer benef\u00edcios de at\u00e9 US$ 2,5 bilh\u00f5es ao Brasil no curto prazo. <\/P><P><STRONG>Di\u00e1rio do Com\u00e9rcio:<\/STRONG> O Sr. confirma a meta de 13% de crescimento para as exporta\u00e7\u00f5es este ano, passando de US$ 96,475 bilh\u00f5es, para US$ 108 bilh\u00f5es, mesmo depois de um salto de 32% em rela\u00e7\u00e3o a 2003 ? <\/P><P><STRONG>Luiz Fernando Furlan:<\/STRONG> Essa \u00e9 uma meta que ser\u00e1 atingida, pois foi baseada numa pesquisa feita pela nossa equipe com os principais setores exportadores brasileiros. N\u00e3o \u00e9 uma meta tirada do \u00e9ter. <\/P><P><STRONG>DC: <\/STRONG>Mesmo com algumas amea\u00e7as ? A come\u00e7ar com o pre\u00e7o das commodities em queda. <\/P><P><STRONG>LFF:<\/STRONG> O efeito n\u00e3o ser\u00e1 geral. Ter\u00e1 impacto no complexo soja, que, em 2004, teve pre\u00e7os elevados fora da m\u00e9dia hist\u00f3rica. H\u00e1 v\u00e1rios produtos do agroneg\u00f3cio que continuam com pre\u00e7os sustentados ou melhorando, como o caf\u00e9, o a\u00e7\u00facar e o suco de laranja. No setor de carne, as perspectivas s\u00e3o positivas e, no de metais, a come\u00e7ar pelo a\u00e7o, a expectativa \u00e9 de um primeiro semestre com pre\u00e7os ainda bastante sustentados. <\/P><P><STRONG>DC:<\/STRONG> O maremoto na \u00c1sia pode afetar o mercado de commodities ? <\/P><P><STRONG>LFF:<\/STRONG> Acho que sim, que trar\u00e1 alguma repercuss\u00e3o nos pre\u00e7os agr\u00edcolas porque muitas safras foram destru\u00eddas, frutas tiveram problemas, o que abre um espa\u00e7o de recupera\u00e7\u00e3o para produtos brasileiros. <\/P><P><STRONG>DC:<\/STRONG> E quanto \u00e0 possibilidade de novas barreiras protecionistas ? <\/P><P><STRONG>LFF:<\/STRONG> Ao longo desses dois anos, plantamos muitas sementes. As viagens do presidente Lula, da nossa equipe, os mais de 50 pa\u00edses visitados, os eventos promovidos pela Apex (Ag\u00eancia de Promo\u00e7\u00e3o das Exporta\u00e7\u00f5es), outros 500 eventos no exterior este ano, tudo isso produzir\u00e1 resultados. O apoio do Sebrae e da Apex aos pequenos neg\u00f3cios, a incorpora\u00e7\u00e3o de novas empresas ao processo exportador, a mudan\u00e7a cultural que existe hoje no empresariado brasileiro, olhando o mercado externo de forma permanente, tudo isso vai frutificar ao longo de 2005. Portanto, tenho certeza que, mesmo com algumas adversidades na conjuntura externa, vamos ultrapassar os US$ 100 bilh\u00f5es j\u00e1 no primeiro semestre (anualizados) e buscar a meta de US$ 108 bilh\u00f5es no ano. <\/P><P><STRONG>DC:<\/STRONG> A combina\u00e7\u00e3o do desaquecimento da economia americana e chinesa com um aumento das importa\u00e7\u00f5es n\u00e3o assusta? <\/P><P><STRONG>LFF:<\/STRONG> H\u00e1 efeitos positivos e negativos. Mas, na soma geral, o cen\u00e1rio para as nossas exporta\u00e7\u00f5es continua favor\u00e1vel. Se as importa\u00e7\u00f5es crescerem pode acontecer uma redu\u00e7\u00e3o do saldo comercial, como decorr\u00eancia do n\u00edvel de atividade do mercado interno, que demandar\u00e1 mais mat\u00e9rias primas, componentes, m\u00e1quinas e equipamentos. <\/P><P><STRONG>DC:<\/STRONG> O Sr. mesmo vem chamando a aten\u00e7\u00e3o para o perigo que representa a valoriza\u00e7\u00e3o do real. <\/P><P><STRONG>LFF:<\/STRONG> V\u00e1rios segmentos exportadores t\u00eam colocado a preocupa\u00e7\u00e3o de perder rentabilidade por causa do c\u00e2mbio. S\u00e3o, em geral, produtos industrializados que concorrem com pa\u00edses em que o espa\u00e7o para aumento de pre\u00e7os \u00e9 muito limitado. O que diversos empres\u00e1rios est\u00e3o fazendo \u00e9 vender, em alguns mercados, na moeda local, como no Jap\u00e3o, nos pa\u00edses do Euro e mesmo na Inglaterra e Su\u00ed\u00e7a. <\/P><P><STRONG>DC:<\/STRONG> Mas a maioria ainda usa o d\u00f3lar&#8230; <\/P><P><STRONG>LFF:<\/STRONG> Cerca de 70% das nossas vendas externas v\u00e3o para pa\u00edses que usam o d\u00f3lar. Por isso, temos que reconhecer que uma cota\u00e7\u00e3o baixa no m\u00e9dio prazo \u00e9 desfavor\u00e1vel. <\/P><P><STRONG>DC:<\/STRONG> E as importa\u00e7\u00f5es ? <\/P><P><STRONG>LFF:<\/STRONG> As importa\u00e7\u00f5es ser\u00e3o favorecidas (pelo c\u00e2mbio atual). Contudo, a Embraer, por exemplo, compra turbinas americanas, partes de avi\u00f5es da Europa e tudo isso faz um grande cesto de custos que aparentemente est\u00e1 sendo suport\u00e1vel. O setor automotivo ir\u00e1 crescer porque \u00e9 competitivo tamb\u00e9m em caminh\u00f5es, m\u00e1quinas e autope\u00e7as. O de cal\u00e7ados dever\u00e1 ter expans\u00e3o de 15% este ano e, na \u00e1rea de min\u00e9rio e de a\u00e7o, a previs\u00e3o tamb\u00e9m \u00e9 positiva. <\/P><P><STRONG>DC:<\/STRONG> E qual o horizonte para as pequenas e m\u00e9dias empresas nacionais? <\/P><P><STRONG>LFF: <\/STRONG>Vejo que muitas est\u00e3o se engajando nas miss\u00f5es feitas pela Apex. Depois da experi\u00eancia do primeiro embarque, elas descobrem um futuro promissor e acabam se convertendo em exportadoras. Dificuldades de aprendizado, falta de conhecimento e informa\u00e7\u00e3o est\u00e3o sendo superadas com programas do nosso Minist\u00e9rio. No programa Estado Exportador, levamos todas as equipes envolvidas em com\u00e9rcio exterior, BNDES, Banco do Brasil, Correios, Receita Federal, entre outras, para dar cursos e palestras. Cada evento tem surtido muito efeito e reunido de 600 a 2 mil pessoas. <\/P><P><STRONG>DC:<\/STRONG> O Sr. acha que acabou a cultura de abandonar as exporta\u00e7\u00f5es quando o mercado interno volta a se aquecer? <\/P><P><STRONG>LFF:<\/STRONG> Ficou provado em 2004 que isso n\u00e3o aconteceu, contrariando progn\u00f3sticos pessimistas e certas oscila\u00e7\u00f5es de que h\u00e1 setores no limite da sua capacidade de produ\u00e7\u00e3o. Isso est\u00e1 mal colocado: h\u00e1 setores que trabalham notoriamente no limite da produ\u00e7\u00e3o, como o de a\u00e7o, celulose ou alum\u00ednio, nos quais n\u00e3o se p\u00e1ra a produ\u00e7\u00e3o na sexta para recome\u00e7ar na segunda. As exporta\u00e7\u00f5es de a\u00e7o ca\u00edram 7,2% em volume, em 2004, para atender o mercado interno, mas cresceram em d\u00f3lares com a melhora nos pre\u00e7os internacionais. <\/P><P><STRONG>DC:<\/STRONG> Mas o governo n\u00e3o est\u00e1 andando devagar na negocia\u00e7\u00e3o dos acordos com a Uni\u00e3o Europ\u00e9ia (UE) e com os EUA, dando pouca aten\u00e7\u00e3o para a Alca ? <\/P><P><STRONG>LFF:<\/STRONG> O Itamaraty tem feito um grande esfor\u00e7o nos acordos internacionais e garantiu muitos avan\u00e7os. Por exemplo, com os Pa\u00edses Andinos, \u00c1frica do Sul, \u00cdndia. Temos ainda tr\u00eas grandes negocia\u00e7\u00f5es: com a Organiza\u00e7\u00e3o Mundial do Com\u00e9rcio (OMC), Alca e UE-Mercosul. Essa negocia\u00e7\u00e3o \u00e9 a que pode trazer resultados de curt\u00edssimo prazo, porque daria acesso imediato aos nossos produtos em mercados em que o Brasil tem hoje grandes limita\u00e7\u00f5es. C\u00e1lculos do Minist\u00e9rio da Agricultura mostram que traria de imediato benef\u00edcios de cerca de US$ 2,5 bilh\u00f5es. Na OMC, mesmo que o acordo seja favor\u00e1vel ao G-20, ao Brasil, n\u00f3s vamos ter uma implementa\u00e7\u00e3o lenta e gradual que pode levar 10 anos ou mais. <\/P><P><STRONG>DC:<\/STRONG> E a Alca ? <\/P><P><STRONG>LFF:<\/STRONG> A\u00ed vai depender de como se comp\u00f5e a nova equipe do governo Bush. Provavelmente nos pr\u00f3ximos dias conheceremos o novo representante para o com\u00e9rcio exterior e qual ser\u00e1 a posi\u00e7\u00e3o norte-americana para que se fixe um cronograma para este ano. <\/P><P><STRONG>DC:<\/STRONG> Ou seja, 2005 est\u00e1 garantido. <\/P><P><STRONG>LFF:<\/STRONG> Realmente n\u00e3o vejo grandes amea\u00e7as para o crescimento das nossas exporta\u00e7\u00f5es no curto prazo, em 2005 e 2006. Al\u00e9m das empresas estarem engajadas no processo exportador, temos uma pol\u00edtica de governo para melhorar nossa infra-estrutura, reduzir a carga de impostos e melhorar o tr\u00e2nsito aduaneiro. <\/P><P><STRONG>DC:<\/STRONG> Mas os empres\u00e1rios continuam reclamando muito da burocracia, da carga tribut\u00e1ria, da infra-estrutura inadequada e deficiente. E insistem que a\u00ed est\u00e3o perigosos gargalos j\u00e1 para este ano. <\/P><P><STRONG>LFF: <\/STRONG>Na infra-estrutura temos a\u00e7\u00f5es concretas coordenadas pela Casa Civil e Minist\u00e9rio dos Transportes para elimina\u00e7\u00e3o de gargalos dos 11 portos priorit\u00e1rios, que representam 90% do nosso transporte mar\u00edtimo. A Infraero est\u00e1 melhorando os aeroportos, inaugurou recentemente o novo terminal de cargas de Manaus (AM), ampliou o aeroporto de Petrolina (PE), e h\u00e1 muitas outras obras em andamento. O governo est\u00e1 aplicando recursos or\u00e7ament\u00e1rios e via BNDES para ampliar a malha ferrovi\u00e1ria. E agora com as PPPs (Parcerias P\u00fablico-Privadas) esperamos que alguns trechos importantes possam ser implantados e prolongados, como no caso da Norte-Sul, da Transnordestina e da Ferronorte. <\/P><P><STRONG>DC:<\/STRONG> Em rela\u00e7\u00e3o \u00e0 carga tribut\u00e1ria&#8230; <\/P><P>LFF: Estamos estudando cada vez mais a desonera\u00e7\u00e3o das exporta\u00e7\u00f5es. Com a cria\u00e7\u00e3o do Reporto, h\u00e1 isen\u00e7\u00e3o total de impostos para importa\u00e7\u00f5es visando estimular as empresas p\u00fablicas e privadas a fazerem os investimentos necess\u00e1rios na zona portu\u00e1ria. <\/P><P><STRONG>DC: <\/STRONG>Quanto \u00e0 burocracia&#8230; <\/P><P><STRONG>LFF: <\/STRONG>H\u00e1 melhorias na \u00e1rea da Receita Federal em rela\u00e7\u00e3o ao tr\u00e2nsito aduaneiro, com implanta\u00e7\u00e3o do Recof e do Canal Azul, para que os produtos fiquem o menor tempo poss\u00edvel na zona aeroportu\u00e1ria. Nosso Minist\u00e9rio simplificou 42 procedimentos e continua trabalhando com a implanta\u00e7\u00e3o do Siscomex 2. Em 2005, vai ficar mais f\u00e1cil ainda lidar com o com\u00e9rcio exterior e a gente espera que haja uma coordena\u00e7\u00e3o dos \u00f3rg\u00e3os federais dos portos e aeroportos, pois hoje, em geral, os sistemas eletr\u00f4nicos n\u00e3o conversam entre si, e tamb\u00e9m trabalham com hor\u00e1rios diferentes. <\/P><P><STRONG>DC:<\/STRONG> Isso envolve v\u00e1rios minist\u00e9rios. <\/P><P><STRONG>LFF:<\/STRONG> O Minist\u00e9rio da Agricultura, da Sa\u00fade, dos Transportes, da Marinha, Fazenda, e o MDIC estar\u00e3o atuando em conjunto para haja uma simplifica\u00e7\u00e3o de procedimentos e, com isso, melhore o est\u00edmulo para quem atua no com\u00e9rcio exterior.<BR><BR><STRONG>Por Sergio Leopoldo Rodrigues<\/STRONG><\/P><\/p>\n","protected":false},"excerpt":{"rendered":"Apesar de reconhecer que o real valorizado pode prejudicar as exporta\u00e7\u00f5es brasileiras no m\u00e9dio prazo, o ministro do Desenvolvimento, Ind\u00fastria e Com\u00e9rcio Exterior \n<a class=\"moretag\" href=\"https:\/\/www.aceguarulhos.com.br\/blog\/rumo-%c3%a0-conquista-do-mercado-mundial\/\"> [...]<\/a>","protected":false},"author":8,"featured_media":0,"comment_status":"open","ping_status":"open","sticky":false,"template":"","format":"standard","meta":{"footnotes":""},"categories":[2],"tags":[],"class_list":["post-29048","post","type-post","status-publish","format-standard","hentry","category-noticias"],"yoast_head":"<!-- This site is optimized with the Yoast SEO plugin v28.1 - https:\/\/yoast.com\/product\/yoast-seo-wordpress\/ -->\n<title>Rumo \u00e0 conquista do mercado mundial - ACE-Guarulhos<\/title>\n<meta name=\"robots\" content=\"index, follow, max-snippet:-1, max-image-preview:large, max-video-preview:-1\" \/>\n<link rel=\"canonical\" href=\"https:\/\/www.aceguarulhos.com.br\/blog\/rumo-\u00e0-conquista-do-mercado-mundial\/\" \/>\n<meta property=\"og:locale\" content=\"pt_BR\" \/>\n<meta property=\"og:type\" content=\"article\" \/>\n<meta property=\"og:title\" content=\"Rumo \u00e0 conquista do mercado mundial - ACE-Guarulhos\" \/>\n<meta property=\"og:description\" content=\"Apesar de reconhecer que o real valorizado pode prejudicar as exporta\u00e7\u00f5es brasileiras no m\u00e9dio prazo, o ministro do Desenvolvimento, Ind\u00fastria e Com\u00e9rcio Exterior\" \/>\n<meta property=\"og:url\" content=\"https:\/\/www.aceguarulhos.com.br\/blog\/rumo-\u00e0-conquista-do-mercado-mundial\/\" \/>\n<meta property=\"og:site_name\" content=\"ACE-Guarulhos\" \/>\n<meta property=\"article:publisher\" content=\"https:\/\/www.facebook.com\/aceguarulhos\/\" \/>\n<meta property=\"article:published_time\" content=\"2005-01-28T15:31:33+00:00\" \/>\n<meta name=\"author\" content=\"Assessoria de Imprensa ACE-Guarulhos\" \/>\n<meta name=\"twitter:card\" content=\"summary_large_image\" \/>\n<meta name=\"twitter:label1\" content=\"Escrito por\" \/>\n\t<meta name=\"twitter:data1\" content=\"Assessoria de Imprensa ACE-Guarulhos\" \/>\n\t<meta name=\"twitter:label2\" content=\"Est. tempo de leitura\" \/>\n\t<meta name=\"twitter:data2\" content=\"8 minutos\" \/>\n<script type=\"application\/ld+json\" class=\"yoast-schema-graph\">{\"@context\":\"https:\\\/\\\/schema.org\",\"@graph\":[{\"@type\":\"Article\",\"@id\":\"https:\\\/\\\/www.aceguarulhos.com.br\\\/blog\\\/rumo-%c3%a0-conquista-do-mercado-mundial\\\/#article\",\"isPartOf\":{\"@id\":\"https:\\\/\\\/www.aceguarulhos.com.br\\\/blog\\\/rumo-%c3%a0-conquista-do-mercado-mundial\\\/\"},\"author\":{\"name\":\"Assessoria de Imprensa ACE-Guarulhos\",\"@id\":\"https:\\\/\\\/www.aceguarulhos.com.br\\\/blog\\\/#\\\/schema\\\/person\\\/6983b51bad37489989e4f09698c26237\"},\"headline\":\"Rumo \u00e0 conquista do mercado mundial\",\"datePublished\":\"2005-01-28T15:31:33+00:00\",\"mainEntityOfPage\":{\"@id\":\"https:\\\/\\\/www.aceguarulhos.com.br\\\/blog\\\/rumo-%c3%a0-conquista-do-mercado-mundial\\\/\"},\"wordCount\":1640,\"commentCount\":0,\"publisher\":{\"@id\":\"https:\\\/\\\/www.aceguarulhos.com.br\\\/blog\\\/#organization\"},\"articleSection\":[\"Not\u00edcias\"],\"inLanguage\":\"pt-BR\"},{\"@type\":\"WebPage\",\"@id\":\"https:\\\/\\\/www.aceguarulhos.com.br\\\/blog\\\/rumo-%c3%a0-conquista-do-mercado-mundial\\\/\",\"url\":\"https:\\\/\\\/www.aceguarulhos.com.br\\\/blog\\\/rumo-%c3%a0-conquista-do-mercado-mundial\\\/\",\"name\":\"Rumo \u00e0 conquista do mercado mundial - ACE-Guarulhos\",\"isPartOf\":{\"@id\":\"https:\\\/\\\/www.aceguarulhos.com.br\\\/blog\\\/#website\"},\"datePublished\":\"2005-01-28T15:31:33+00:00\",\"breadcrumb\":{\"@id\":\"https:\\\/\\\/www.aceguarulhos.com.br\\\/blog\\\/rumo-%c3%a0-conquista-do-mercado-mundial\\\/#breadcrumb\"},\"inLanguage\":\"pt-BR\",\"potentialAction\":[{\"@type\":\"ReadAction\",\"target\":[\"https:\\\/\\\/www.aceguarulhos.com.br\\\/blog\\\/rumo-%c3%a0-conquista-do-mercado-mundial\\\/\"]}]},{\"@type\":\"BreadcrumbList\",\"@id\":\"https:\\\/\\\/www.aceguarulhos.com.br\\\/blog\\\/rumo-%c3%a0-conquista-do-mercado-mundial\\\/#breadcrumb\",\"itemListElement\":[{\"@type\":\"ListItem\",\"position\":1,\"name\":\"In\u00edcio\",\"item\":\"https:\\\/\\\/www.aceguarulhos.com.br\\\/blog\\\/\"},{\"@type\":\"ListItem\",\"position\":2,\"name\":\"Rumo \u00e0 conquista do mercado mundial\"}]},{\"@type\":\"WebSite\",\"@id\":\"https:\\\/\\\/www.aceguarulhos.com.br\\\/blog\\\/#website\",\"url\":\"https:\\\/\\\/www.aceguarulhos.com.br\\\/blog\\\/\",\"name\":\"ACE-Guarulhos\",\"description\":\"A ACE-Guarulhos \u00e9 uma associa\u00e7\u00e3o que ap\u00f3ia os empres\u00e1rios guarulhenses atrav\u00e9s da representa\u00e7\u00e3o, da gera\u00e7\u00e3o de neg\u00f3cios e presta\u00e7\u00e3o de servi\u00e7os.\",\"publisher\":{\"@id\":\"https:\\\/\\\/www.aceguarulhos.com.br\\\/blog\\\/#organization\"},\"potentialAction\":[{\"@type\":\"SearchAction\",\"target\":{\"@type\":\"EntryPoint\",\"urlTemplate\":\"https:\\\/\\\/www.aceguarulhos.com.br\\\/blog\\\/?s={search_term_string}\"},\"query-input\":{\"@type\":\"PropertyValueSpecification\",\"valueRequired\":true,\"valueName\":\"search_term_string\"}}],\"inLanguage\":\"pt-BR\"},{\"@type\":\"Organization\",\"@id\":\"https:\\\/\\\/www.aceguarulhos.com.br\\\/blog\\\/#organization\",\"name\":\"ACE-Guarulhos\",\"url\":\"https:\\\/\\\/www.aceguarulhos.com.br\\\/blog\\\/\",\"logo\":{\"@type\":\"ImageObject\",\"inLanguage\":\"pt-BR\",\"@id\":\"https:\\\/\\\/www.aceguarulhos.com.br\\\/blog\\\/#\\\/schema\\\/logo\\\/image\\\/\",\"url\":\"https:\\\/\\\/www.aceguarulhos.com.br\\\/blog\\\/wp-content\\\/uploads\\\/2017\\\/12\\\/logo-aceguarulhos-2018.png\",\"contentUrl\":\"https:\\\/\\\/www.aceguarulhos.com.br\\\/blog\\\/wp-content\\\/uploads\\\/2017\\\/12\\\/logo-aceguarulhos-2018.png\",\"width\":419,\"height\":76,\"caption\":\"ACE-Guarulhos\"},\"image\":{\"@id\":\"https:\\\/\\\/www.aceguarulhos.com.br\\\/blog\\\/#\\\/schema\\\/logo\\\/image\\\/\"},\"sameAs\":[\"https:\\\/\\\/www.facebook.com\\\/aceguarulhos\\\/\",\"https:\\\/\\\/br.linkedin.com\\\/in\\\/ace-guarulhos-b9a97093\",\"https:\\\/\\\/www.youtube.com\\\/user\\\/aceguarulhos\"]},{\"@type\":\"Person\",\"@id\":\"https:\\\/\\\/www.aceguarulhos.com.br\\\/blog\\\/#\\\/schema\\\/person\\\/6983b51bad37489989e4f09698c26237\",\"name\":\"Assessoria de Imprensa ACE-Guarulhos\",\"image\":{\"@type\":\"ImageObject\",\"inLanguage\":\"pt-BR\",\"@id\":\"https:\\\/\\\/secure.gravatar.com\\\/avatar\\\/707f3fadd6918afeb64173ab22d8a8cb0676953098a4f31ff36dc2b4c699ef6a?s=96&d=mm&r=g\",\"url\":\"https:\\\/\\\/secure.gravatar.com\\\/avatar\\\/707f3fadd6918afeb64173ab22d8a8cb0676953098a4f31ff36dc2b4c699ef6a?s=96&d=mm&r=g\",\"contentUrl\":\"https:\\\/\\\/secure.gravatar.com\\\/avatar\\\/707f3fadd6918afeb64173ab22d8a8cb0676953098a4f31ff36dc2b4c699ef6a?s=96&d=mm&r=g\",\"caption\":\"Assessoria de Imprensa ACE-Guarulhos\"},\"url\":\"https:\\\/\\\/www.aceguarulhos.com.br\\\/blog\\\/author\\\/assessoria-de-imprensa-ace-guarulhos\\\/\"}]}<\/script>\n<!-- \/ Yoast SEO plugin. -->","yoast_head_json":{"title":"Rumo \u00e0 conquista do mercado mundial - ACE-Guarulhos","robots":{"index":"index","follow":"follow","max-snippet":"max-snippet:-1","max-image-preview":"max-image-preview:large","max-video-preview":"max-video-preview:-1"},"canonical":"https:\/\/www.aceguarulhos.com.br\/blog\/rumo-\u00e0-conquista-do-mercado-mundial\/","og_locale":"pt_BR","og_type":"article","og_title":"Rumo \u00e0 conquista do mercado mundial - ACE-Guarulhos","og_description":"Apesar de reconhecer que o real valorizado pode prejudicar as exporta\u00e7\u00f5es brasileiras no m\u00e9dio prazo, o ministro do Desenvolvimento, Ind\u00fastria e Com\u00e9rcio Exterior","og_url":"https:\/\/www.aceguarulhos.com.br\/blog\/rumo-\u00e0-conquista-do-mercado-mundial\/","og_site_name":"ACE-Guarulhos","article_publisher":"https:\/\/www.facebook.com\/aceguarulhos\/","article_published_time":"2005-01-28T15:31:33+00:00","author":"Assessoria de Imprensa ACE-Guarulhos","twitter_card":"summary_large_image","twitter_misc":{"Escrito por":"Assessoria de Imprensa ACE-Guarulhos","Est. tempo de leitura":"8 minutos"},"schema":{"@context":"https:\/\/schema.org","@graph":[{"@type":"Article","@id":"https:\/\/www.aceguarulhos.com.br\/blog\/rumo-%c3%a0-conquista-do-mercado-mundial\/#article","isPartOf":{"@id":"https:\/\/www.aceguarulhos.com.br\/blog\/rumo-%c3%a0-conquista-do-mercado-mundial\/"},"author":{"name":"Assessoria de Imprensa ACE-Guarulhos","@id":"https:\/\/www.aceguarulhos.com.br\/blog\/#\/schema\/person\/6983b51bad37489989e4f09698c26237"},"headline":"Rumo \u00e0 conquista do mercado mundial","datePublished":"2005-01-28T15:31:33+00:00","mainEntityOfPage":{"@id":"https:\/\/www.aceguarulhos.com.br\/blog\/rumo-%c3%a0-conquista-do-mercado-mundial\/"},"wordCount":1640,"commentCount":0,"publisher":{"@id":"https:\/\/www.aceguarulhos.com.br\/blog\/#organization"},"articleSection":["Not\u00edcias"],"inLanguage":"pt-BR"},{"@type":"WebPage","@id":"https:\/\/www.aceguarulhos.com.br\/blog\/rumo-%c3%a0-conquista-do-mercado-mundial\/","url":"https:\/\/www.aceguarulhos.com.br\/blog\/rumo-%c3%a0-conquista-do-mercado-mundial\/","name":"Rumo \u00e0 conquista do mercado mundial - ACE-Guarulhos","isPartOf":{"@id":"https:\/\/www.aceguarulhos.com.br\/blog\/#website"},"datePublished":"2005-01-28T15:31:33+00:00","breadcrumb":{"@id":"https:\/\/www.aceguarulhos.com.br\/blog\/rumo-%c3%a0-conquista-do-mercado-mundial\/#breadcrumb"},"inLanguage":"pt-BR","potentialAction":[{"@type":"ReadAction","target":["https:\/\/www.aceguarulhos.com.br\/blog\/rumo-%c3%a0-conquista-do-mercado-mundial\/"]}]},{"@type":"BreadcrumbList","@id":"https:\/\/www.aceguarulhos.com.br\/blog\/rumo-%c3%a0-conquista-do-mercado-mundial\/#breadcrumb","itemListElement":[{"@type":"ListItem","position":1,"name":"In\u00edcio","item":"https:\/\/www.aceguarulhos.com.br\/blog\/"},{"@type":"ListItem","position":2,"name":"Rumo \u00e0 conquista do mercado mundial"}]},{"@type":"WebSite","@id":"https:\/\/www.aceguarulhos.com.br\/blog\/#website","url":"https:\/\/www.aceguarulhos.com.br\/blog\/","name":"ACE-Guarulhos","description":"A ACE-Guarulhos \u00e9 uma associa\u00e7\u00e3o que ap\u00f3ia os empres\u00e1rios guarulhenses atrav\u00e9s da representa\u00e7\u00e3o, da gera\u00e7\u00e3o de neg\u00f3cios e presta\u00e7\u00e3o de servi\u00e7os.","publisher":{"@id":"https:\/\/www.aceguarulhos.com.br\/blog\/#organization"},"potentialAction":[{"@type":"SearchAction","target":{"@type":"EntryPoint","urlTemplate":"https:\/\/www.aceguarulhos.com.br\/blog\/?s={search_term_string}"},"query-input":{"@type":"PropertyValueSpecification","valueRequired":true,"valueName":"search_term_string"}}],"inLanguage":"pt-BR"},{"@type":"Organization","@id":"https:\/\/www.aceguarulhos.com.br\/blog\/#organization","name":"ACE-Guarulhos","url":"https:\/\/www.aceguarulhos.com.br\/blog\/","logo":{"@type":"ImageObject","inLanguage":"pt-BR","@id":"https:\/\/www.aceguarulhos.com.br\/blog\/#\/schema\/logo\/image\/","url":"https:\/\/www.aceguarulhos.com.br\/blog\/wp-content\/uploads\/2017\/12\/logo-aceguarulhos-2018.png","contentUrl":"https:\/\/www.aceguarulhos.com.br\/blog\/wp-content\/uploads\/2017\/12\/logo-aceguarulhos-2018.png","width":419,"height":76,"caption":"ACE-Guarulhos"},"image":{"@id":"https:\/\/www.aceguarulhos.com.br\/blog\/#\/schema\/logo\/image\/"},"sameAs":["https:\/\/www.facebook.com\/aceguarulhos\/","https:\/\/br.linkedin.com\/in\/ace-guarulhos-b9a97093","https:\/\/www.youtube.com\/user\/aceguarulhos"]},{"@type":"Person","@id":"https:\/\/www.aceguarulhos.com.br\/blog\/#\/schema\/person\/6983b51bad37489989e4f09698c26237","name":"Assessoria de Imprensa ACE-Guarulhos","image":{"@type":"ImageObject","inLanguage":"pt-BR","@id":"https:\/\/secure.gravatar.com\/avatar\/707f3fadd6918afeb64173ab22d8a8cb0676953098a4f31ff36dc2b4c699ef6a?s=96&d=mm&r=g","url":"https:\/\/secure.gravatar.com\/avatar\/707f3fadd6918afeb64173ab22d8a8cb0676953098a4f31ff36dc2b4c699ef6a?s=96&d=mm&r=g","contentUrl":"https:\/\/secure.gravatar.com\/avatar\/707f3fadd6918afeb64173ab22d8a8cb0676953098a4f31ff36dc2b4c699ef6a?s=96&d=mm&r=g","caption":"Assessoria de Imprensa ACE-Guarulhos"},"url":"https:\/\/www.aceguarulhos.com.br\/blog\/author\/assessoria-de-imprensa-ace-guarulhos\/"}]}},"wps_subtitle":"","amp_enabled":true,"_links":{"self":[{"href":"https:\/\/www.aceguarulhos.com.br\/blog\/wp-json\/wp\/v2\/posts\/29048","targetHints":{"allow":["GET"]}}],"collection":[{"href":"https:\/\/www.aceguarulhos.com.br\/blog\/wp-json\/wp\/v2\/posts"}],"about":[{"href":"https:\/\/www.aceguarulhos.com.br\/blog\/wp-json\/wp\/v2\/types\/post"}],"author":[{"embeddable":true,"href":"https:\/\/www.aceguarulhos.com.br\/blog\/wp-json\/wp\/v2\/users\/8"}],"replies":[{"embeddable":true,"href":"https:\/\/www.aceguarulhos.com.br\/blog\/wp-json\/wp\/v2\/comments?post=29048"}],"version-history":[{"count":0,"href":"https:\/\/www.aceguarulhos.com.br\/blog\/wp-json\/wp\/v2\/posts\/29048\/revisions"}],"wp:attachment":[{"href":"https:\/\/www.aceguarulhos.com.br\/blog\/wp-json\/wp\/v2\/media?parent=29048"}],"wp:term":[{"taxonomy":"category","embeddable":true,"href":"https:\/\/www.aceguarulhos.com.br\/blog\/wp-json\/wp\/v2\/categories?post=29048"},{"taxonomy":"post_tag","embeddable":true,"href":"https:\/\/www.aceguarulhos.com.br\/blog\/wp-json\/wp\/v2\/tags?post=29048"}],"curies":[{"name":"wp","href":"https:\/\/api.w.org\/{rel}","templated":true}]}}