{"id":28952,"date":"2004-12-17T16:23:26","date_gmt":"2004-12-17T16:23:26","guid":{"rendered":"http:\/\/www.aceguarulhos.com.br\/blog\/?p=28952"},"modified":"-0001-11-30T00:00:00","modified_gmt":"-0001-11-30T03:00:00","slug":"desenvolvimento-local-%c3%a9-discutido-em-palestra-na-agende","status":"publish","type":"post","link":"https:\/\/www.aceguarulhos.com.br\/blog\/desenvolvimento-local-%c3%a9-discutido-em-palestra-na-agende\/","title":{"rendered":"Desenvolvimento local \u00e9 discutido em palestra na Agende"},"content":{"rendered":"<p><P>Dar subs\u00eddios para discutir a elabora\u00e7\u00e3o do Plano Estrat\u00e9gico de Desenvolvimento para Guarulhos, que j\u00e1 v\u00eam sendo articulado pela AGENDE &#8211; Ag\u00eancia de Desenvolvimento de Guarulhos\u00a0 em parceria com v\u00e1rias entidades, ao longo de 2004. Essa foi a proposta da palestra com o tema &#8220;Desenvolvimento Local Sustent\u00e1vel: Conceitos e Cases&#8221;, apresentada no dia 15 de dezembro, \u00e0s 17 horas, no audit\u00f3rio\u00a0 do CPT,\u00a0 na Agende. <\/P><P>Apresentada por Juarez de Paula, gerente da Unidade de Desenvolvimento Local do SEBRAE Nacional, a palestra abordou sobretudo a mudan\u00e7a de paradigma no que tange \u00e0 conceitua\u00e7\u00e3o do que vem a ser desenvolvimento.\u00a0 &#8220;Pensar em desenvolvimento \u00e9 pensar um pouco al\u00e9m do crescimento econ\u00f4mico&#8221;, afirmou o palestrante. Foram ainda apresentadas alternativas de promover o desenvolvimento e no\u00e7\u00f5es de como esse desenvolvimento dever\u00e1 ser articulado na comunidade. <\/P><P>&#8220;O pa\u00eds mais desenvolvido n\u00e3o \u00e9 aquele mais rico, mas sim aquele em que a popula\u00e7\u00e3o tem mais acesso \u00e0 educa\u00e7\u00e3o e \u00e0 sa\u00fade&#8221;, acrescentou o gerente. <\/P><P>Para o presidente da Agende, Celso Masson, &#8220;j\u00e1 que estamos validando o Plano, \u00e9 muito importante que a comunidade e todos os atores envolvidos tenham muitas informa\u00e7\u00f5es sobre as possibilidades de desenvolvimento local&#8221;. O Plano encontra-se em fase de defini\u00e7\u00e3o e dever\u00e1 ser efetivado em 2005. <\/P><P>Em seguida, no mesmo audit\u00f3rio, foi realizada a \u00faltima reuni\u00e3o do ano do Conselho de Administra\u00e7\u00e3o, aberta ao p\u00fablico. As discuss\u00f5es sobre o plano foram tamb\u00e9m pauta da reuni\u00e3o,\u00a0 permitindo o enriquecimento do debate interno com a participa\u00e7\u00e3o mais ampla das for\u00e7as vivas do munic\u00edpio, como o Poder P\u00fablico e as entidades da sociedade civil organizada.\u00a0 O evento foi encerrado com um coquetel de confraterniza\u00e7\u00e3o. <\/P><P><STRONG>Servi\u00e7o:<\/STRONG> <BR><STRONG>Informa\u00e7\u00f5es:<\/STRONG> (11) 6456-9566 &#8211; Ramal 203 &#8211; Falar com M\u00e1rcia ou pelo e-mail: <A href=\"mailto:agende@agende-guarulhos.org.br\">agende@agende-guarulhos.org.br<\/A>.<\/P><\/p>\n","protected":false},"excerpt":{"rendered":"Dar subs\u00eddios para discutir a elabora\u00e7\u00e3o do Plano Estrat\u00e9gico de Desenvolvimento para Guarulhos, que j\u00e1 v\u00eam sendo articulado pela AGENDE &#8211; Ag\u00eancia de \n<a class=\"moretag\" href=\"https:\/\/www.aceguarulhos.com.br\/blog\/desenvolvimento-local-%c3%a9-discutido-em-palestra-na-agende\/\"> [...]<\/a>","protected":false},"author":8,"featured_media":0,"comment_status":"open","ping_status":"open","sticky":false,"template":"","format":"standard","meta":{"footnotes":""},"categories":[2],"tags":[],"class_list":["post-28952","post","type-post","status-publish","format-standard","hentry","category-noticias"],"yoast_head":"<!-- This site is optimized with the Yoast SEO plugin v28.1 - https:\/\/yoast.com\/product\/yoast-seo-wordpress\/ -->\n<title>Desenvolvimento local \u00e9 discutido em palestra na Agende - ACE-Guarulhos<\/title>\n<meta name=\"robots\" content=\"index, follow, max-snippet:-1, max-image-preview:large, max-video-preview:-1\" \/>\n<link rel=\"canonical\" href=\"https:\/\/www.aceguarulhos.com.br\/blog\/desenvolvimento-local-\u00e9-discutido-em-palestra-na-agende\/\" \/>\n<meta property=\"og:locale\" content=\"pt_BR\" \/>\n<meta property=\"og:type\" content=\"article\" \/>\n<meta property=\"og:title\" content=\"Desenvolvimento local \u00e9 discutido em palestra na Agende - ACE-Guarulhos\" \/>\n<meta property=\"og:description\" content=\"Dar subs\u00eddios para discutir a elabora\u00e7\u00e3o do Plano Estrat\u00e9gico de Desenvolvimento para Guarulhos, que j\u00e1 v\u00eam sendo articulado pela AGENDE &#8211; Ag\u00eancia de\" \/>\n<meta property=\"og:url\" content=\"https:\/\/www.aceguarulhos.com.br\/blog\/desenvolvimento-local-\u00e9-discutido-em-palestra-na-agende\/\" \/>\n<meta property=\"og:site_name\" content=\"ACE-Guarulhos\" \/>\n<meta property=\"article:publisher\" content=\"https:\/\/www.facebook.com\/aceguarulhos\/\" \/>\n<meta property=\"article:published_time\" content=\"2004-12-17T16:23:26+00:00\" \/>\n<meta name=\"author\" content=\"Assessoria de Imprensa ACE-Guarulhos\" \/>\n<meta name=\"twitter:card\" content=\"summary_large_image\" \/>\n<meta name=\"twitter:label1\" content=\"Escrito por\" \/>\n\t<meta name=\"twitter:data1\" content=\"Assessoria de Imprensa ACE-Guarulhos\" \/>\n\t<meta name=\"twitter:label2\" content=\"Est. tempo de leitura\" \/>\n\t<meta name=\"twitter:data2\" content=\"2 minutos\" \/>\n<script type=\"application\/ld+json\" class=\"yoast-schema-graph\">{\"@context\":\"https:\\\/\\\/schema.org\",\"@graph\":[{\"@type\":\"Article\",\"@id\":\"https:\\\/\\\/www.aceguarulhos.com.br\\\/blog\\\/desenvolvimento-local-%c3%a9-discutido-em-palestra-na-agende\\\/#article\",\"isPartOf\":{\"@id\":\"https:\\\/\\\/www.aceguarulhos.com.br\\\/blog\\\/desenvolvimento-local-%c3%a9-discutido-em-palestra-na-agende\\\/\"},\"author\":{\"name\":\"Assessoria de Imprensa ACE-Guarulhos\",\"@id\":\"https:\\\/\\\/www.aceguarulhos.com.br\\\/blog\\\/#\\\/schema\\\/person\\\/6983b51bad37489989e4f09698c26237\"},\"headline\":\"Desenvolvimento local \u00e9 discutido em palestra na Agende\",\"datePublished\":\"2004-12-17T16:23:26+00:00\",\"mainEntityOfPage\":{\"@id\":\"https:\\\/\\\/www.aceguarulhos.com.br\\\/blog\\\/desenvolvimento-local-%c3%a9-discutido-em-palestra-na-agende\\\/\"},\"wordCount\":317,\"commentCount\":0,\"publisher\":{\"@id\":\"https:\\\/\\\/www.aceguarulhos.com.br\\\/blog\\\/#organization\"},\"articleSection\":[\"Not\u00edcias\"],\"inLanguage\":\"pt-BR\"},{\"@type\":\"WebPage\",\"@id\":\"https:\\\/\\\/www.aceguarulhos.com.br\\\/blog\\\/desenvolvimento-local-%c3%a9-discutido-em-palestra-na-agende\\\/\",\"url\":\"https:\\\/\\\/www.aceguarulhos.com.br\\\/blog\\\/desenvolvimento-local-%c3%a9-discutido-em-palestra-na-agende\\\/\",\"name\":\"Desenvolvimento local \u00e9 discutido em palestra na Agende - ACE-Guarulhos\",\"isPartOf\":{\"@id\":\"https:\\\/\\\/www.aceguarulhos.com.br\\\/blog\\\/#website\"},\"datePublished\":\"2004-12-17T16:23:26+00:00\",\"breadcrumb\":{\"@id\":\"https:\\\/\\\/www.aceguarulhos.com.br\\\/blog\\\/desenvolvimento-local-%c3%a9-discutido-em-palestra-na-agende\\\/#breadcrumb\"},\"inLanguage\":\"pt-BR\",\"potentialAction\":[{\"@type\":\"ReadAction\",\"target\":[\"https:\\\/\\\/www.aceguarulhos.com.br\\\/blog\\\/desenvolvimento-local-%c3%a9-discutido-em-palestra-na-agende\\\/\"]}]},{\"@type\":\"BreadcrumbList\",\"@id\":\"https:\\\/\\\/www.aceguarulhos.com.br\\\/blog\\\/desenvolvimento-local-%c3%a9-discutido-em-palestra-na-agende\\\/#breadcrumb\",\"itemListElement\":[{\"@type\":\"ListItem\",\"position\":1,\"name\":\"In\u00edcio\",\"item\":\"https:\\\/\\\/www.aceguarulhos.com.br\\\/blog\\\/\"},{\"@type\":\"ListItem\",\"position\":2,\"name\":\"Desenvolvimento local \u00e9 discutido em palestra na Agende\"}]},{\"@type\":\"WebSite\",\"@id\":\"https:\\\/\\\/www.aceguarulhos.com.br\\\/blog\\\/#website\",\"url\":\"https:\\\/\\\/www.aceguarulhos.com.br\\\/blog\\\/\",\"name\":\"ACE-Guarulhos\",\"description\":\"A ACE-Guarulhos \u00e9 uma associa\u00e7\u00e3o que ap\u00f3ia os empres\u00e1rios guarulhenses atrav\u00e9s da representa\u00e7\u00e3o, da gera\u00e7\u00e3o de neg\u00f3cios e presta\u00e7\u00e3o de servi\u00e7os.\",\"publisher\":{\"@id\":\"https:\\\/\\\/www.aceguarulhos.com.br\\\/blog\\\/#organization\"},\"potentialAction\":[{\"@type\":\"SearchAction\",\"target\":{\"@type\":\"EntryPoint\",\"urlTemplate\":\"https:\\\/\\\/www.aceguarulhos.com.br\\\/blog\\\/?s={search_term_string}\"},\"query-input\":{\"@type\":\"PropertyValueSpecification\",\"valueRequired\":true,\"valueName\":\"search_term_string\"}}],\"inLanguage\":\"pt-BR\"},{\"@type\":\"Organization\",\"@id\":\"https:\\\/\\\/www.aceguarulhos.com.br\\\/blog\\\/#organization\",\"name\":\"ACE-Guarulhos\",\"url\":\"https:\\\/\\\/www.aceguarulhos.com.br\\\/blog\\\/\",\"logo\":{\"@type\":\"ImageObject\",\"inLanguage\":\"pt-BR\",\"@id\":\"https:\\\/\\\/www.aceguarulhos.com.br\\\/blog\\\/#\\\/schema\\\/logo\\\/image\\\/\",\"url\":\"https:\\\/\\\/www.aceguarulhos.com.br\\\/blog\\\/wp-content\\\/uploads\\\/2017\\\/12\\\/logo-aceguarulhos-2018.png\",\"contentUrl\":\"https:\\\/\\\/www.aceguarulhos.com.br\\\/blog\\\/wp-content\\\/uploads\\\/2017\\\/12\\\/logo-aceguarulhos-2018.png\",\"width\":419,\"height\":76,\"caption\":\"ACE-Guarulhos\"},\"image\":{\"@id\":\"https:\\\/\\\/www.aceguarulhos.com.br\\\/blog\\\/#\\\/schema\\\/logo\\\/image\\\/\"},\"sameAs\":[\"https:\\\/\\\/www.facebook.com\\\/aceguarulhos\\\/\",\"https:\\\/\\\/br.linkedin.com\\\/in\\\/ace-guarulhos-b9a97093\",\"https:\\\/\\\/www.youtube.com\\\/user\\\/aceguarulhos\"]},{\"@type\":\"Person\",\"@id\":\"https:\\\/\\\/www.aceguarulhos.com.br\\\/blog\\\/#\\\/schema\\\/person\\\/6983b51bad37489989e4f09698c26237\",\"name\":\"Assessoria de Imprensa ACE-Guarulhos\",\"image\":{\"@type\":\"ImageObject\",\"inLanguage\":\"pt-BR\",\"@id\":\"https:\\\/\\\/secure.gravatar.com\\\/avatar\\\/707f3fadd6918afeb64173ab22d8a8cb0676953098a4f31ff36dc2b4c699ef6a?s=96&d=mm&r=g\",\"url\":\"https:\\\/\\\/secure.gravatar.com\\\/avatar\\\/707f3fadd6918afeb64173ab22d8a8cb0676953098a4f31ff36dc2b4c699ef6a?s=96&d=mm&r=g\",\"contentUrl\":\"https:\\\/\\\/secure.gravatar.com\\\/avatar\\\/707f3fadd6918afeb64173ab22d8a8cb0676953098a4f31ff36dc2b4c699ef6a?s=96&d=mm&r=g\",\"caption\":\"Assessoria de Imprensa ACE-Guarulhos\"},\"url\":\"https:\\\/\\\/www.aceguarulhos.com.br\\\/blog\\\/author\\\/assessoria-de-imprensa-ace-guarulhos\\\/\"}]}<\/script>\n<!-- \/ Yoast SEO plugin. -->","yoast_head_json":{"title":"Desenvolvimento local \u00e9 discutido em palestra na Agende - ACE-Guarulhos","robots":{"index":"index","follow":"follow","max-snippet":"max-snippet:-1","max-image-preview":"max-image-preview:large","max-video-preview":"max-video-preview:-1"},"canonical":"https:\/\/www.aceguarulhos.com.br\/blog\/desenvolvimento-local-\u00e9-discutido-em-palestra-na-agende\/","og_locale":"pt_BR","og_type":"article","og_title":"Desenvolvimento local \u00e9 discutido em palestra na Agende - ACE-Guarulhos","og_description":"Dar subs\u00eddios para discutir a elabora\u00e7\u00e3o do Plano Estrat\u00e9gico de Desenvolvimento para Guarulhos, que j\u00e1 v\u00eam sendo articulado pela AGENDE &#8211; Ag\u00eancia de","og_url":"https:\/\/www.aceguarulhos.com.br\/blog\/desenvolvimento-local-\u00e9-discutido-em-palestra-na-agende\/","og_site_name":"ACE-Guarulhos","article_publisher":"https:\/\/www.facebook.com\/aceguarulhos\/","article_published_time":"2004-12-17T16:23:26+00:00","author":"Assessoria de Imprensa ACE-Guarulhos","twitter_card":"summary_large_image","twitter_misc":{"Escrito por":"Assessoria de Imprensa ACE-Guarulhos","Est. tempo de leitura":"2 minutos"},"schema":{"@context":"https:\/\/schema.org","@graph":[{"@type":"Article","@id":"https:\/\/www.aceguarulhos.com.br\/blog\/desenvolvimento-local-%c3%a9-discutido-em-palestra-na-agende\/#article","isPartOf":{"@id":"https:\/\/www.aceguarulhos.com.br\/blog\/desenvolvimento-local-%c3%a9-discutido-em-palestra-na-agende\/"},"author":{"name":"Assessoria de Imprensa ACE-Guarulhos","@id":"https:\/\/www.aceguarulhos.com.br\/blog\/#\/schema\/person\/6983b51bad37489989e4f09698c26237"},"headline":"Desenvolvimento local \u00e9 discutido em palestra na Agende","datePublished":"2004-12-17T16:23:26+00:00","mainEntityOfPage":{"@id":"https:\/\/www.aceguarulhos.com.br\/blog\/desenvolvimento-local-%c3%a9-discutido-em-palestra-na-agende\/"},"wordCount":317,"commentCount":0,"publisher":{"@id":"https:\/\/www.aceguarulhos.com.br\/blog\/#organization"},"articleSection":["Not\u00edcias"],"inLanguage":"pt-BR"},{"@type":"WebPage","@id":"https:\/\/www.aceguarulhos.com.br\/blog\/desenvolvimento-local-%c3%a9-discutido-em-palestra-na-agende\/","url":"https:\/\/www.aceguarulhos.com.br\/blog\/desenvolvimento-local-%c3%a9-discutido-em-palestra-na-agende\/","name":"Desenvolvimento local \u00e9 discutido em palestra na Agende - ACE-Guarulhos","isPartOf":{"@id":"https:\/\/www.aceguarulhos.com.br\/blog\/#website"},"datePublished":"2004-12-17T16:23:26+00:00","breadcrumb":{"@id":"https:\/\/www.aceguarulhos.com.br\/blog\/desenvolvimento-local-%c3%a9-discutido-em-palestra-na-agende\/#breadcrumb"},"inLanguage":"pt-BR","potentialAction":[{"@type":"ReadAction","target":["https:\/\/www.aceguarulhos.com.br\/blog\/desenvolvimento-local-%c3%a9-discutido-em-palestra-na-agende\/"]}]},{"@type":"BreadcrumbList","@id":"https:\/\/www.aceguarulhos.com.br\/blog\/desenvolvimento-local-%c3%a9-discutido-em-palestra-na-agende\/#breadcrumb","itemListElement":[{"@type":"ListItem","position":1,"name":"In\u00edcio","item":"https:\/\/www.aceguarulhos.com.br\/blog\/"},{"@type":"ListItem","position":2,"name":"Desenvolvimento local \u00e9 discutido em palestra na Agende"}]},{"@type":"WebSite","@id":"https:\/\/www.aceguarulhos.com.br\/blog\/#website","url":"https:\/\/www.aceguarulhos.com.br\/blog\/","name":"ACE-Guarulhos","description":"A ACE-Guarulhos \u00e9 uma associa\u00e7\u00e3o que ap\u00f3ia os empres\u00e1rios guarulhenses atrav\u00e9s da representa\u00e7\u00e3o, da gera\u00e7\u00e3o de neg\u00f3cios e presta\u00e7\u00e3o de servi\u00e7os.","publisher":{"@id":"https:\/\/www.aceguarulhos.com.br\/blog\/#organization"},"potentialAction":[{"@type":"SearchAction","target":{"@type":"EntryPoint","urlTemplate":"https:\/\/www.aceguarulhos.com.br\/blog\/?s={search_term_string}"},"query-input":{"@type":"PropertyValueSpecification","valueRequired":true,"valueName":"search_term_string"}}],"inLanguage":"pt-BR"},{"@type":"Organization","@id":"https:\/\/www.aceguarulhos.com.br\/blog\/#organization","name":"ACE-Guarulhos","url":"https:\/\/www.aceguarulhos.com.br\/blog\/","logo":{"@type":"ImageObject","inLanguage":"pt-BR","@id":"https:\/\/www.aceguarulhos.com.br\/blog\/#\/schema\/logo\/image\/","url":"https:\/\/www.aceguarulhos.com.br\/blog\/wp-content\/uploads\/2017\/12\/logo-aceguarulhos-2018.png","contentUrl":"https:\/\/www.aceguarulhos.com.br\/blog\/wp-content\/uploads\/2017\/12\/logo-aceguarulhos-2018.png","width":419,"height":76,"caption":"ACE-Guarulhos"},"image":{"@id":"https:\/\/www.aceguarulhos.com.br\/blog\/#\/schema\/logo\/image\/"},"sameAs":["https:\/\/www.facebook.com\/aceguarulhos\/","https:\/\/br.linkedin.com\/in\/ace-guarulhos-b9a97093","https:\/\/www.youtube.com\/user\/aceguarulhos"]},{"@type":"Person","@id":"https:\/\/www.aceguarulhos.com.br\/blog\/#\/schema\/person\/6983b51bad37489989e4f09698c26237","name":"Assessoria de Imprensa ACE-Guarulhos","image":{"@type":"ImageObject","inLanguage":"pt-BR","@id":"https:\/\/secure.gravatar.com\/avatar\/707f3fadd6918afeb64173ab22d8a8cb0676953098a4f31ff36dc2b4c699ef6a?s=96&d=mm&r=g","url":"https:\/\/secure.gravatar.com\/avatar\/707f3fadd6918afeb64173ab22d8a8cb0676953098a4f31ff36dc2b4c699ef6a?s=96&d=mm&r=g","contentUrl":"https:\/\/secure.gravatar.com\/avatar\/707f3fadd6918afeb64173ab22d8a8cb0676953098a4f31ff36dc2b4c699ef6a?s=96&d=mm&r=g","caption":"Assessoria de Imprensa ACE-Guarulhos"},"url":"https:\/\/www.aceguarulhos.com.br\/blog\/author\/assessoria-de-imprensa-ace-guarulhos\/"}]}},"wps_subtitle":"","amp_enabled":true,"_links":{"self":[{"href":"https:\/\/www.aceguarulhos.com.br\/blog\/wp-json\/wp\/v2\/posts\/28952","targetHints":{"allow":["GET"]}}],"collection":[{"href":"https:\/\/www.aceguarulhos.com.br\/blog\/wp-json\/wp\/v2\/posts"}],"about":[{"href":"https:\/\/www.aceguarulhos.com.br\/blog\/wp-json\/wp\/v2\/types\/post"}],"author":[{"embeddable":true,"href":"https:\/\/www.aceguarulhos.com.br\/blog\/wp-json\/wp\/v2\/users\/8"}],"replies":[{"embeddable":true,"href":"https:\/\/www.aceguarulhos.com.br\/blog\/wp-json\/wp\/v2\/comments?post=28952"}],"version-history":[{"count":0,"href":"https:\/\/www.aceguarulhos.com.br\/blog\/wp-json\/wp\/v2\/posts\/28952\/revisions"}],"wp:attachment":[{"href":"https:\/\/www.aceguarulhos.com.br\/blog\/wp-json\/wp\/v2\/media?parent=28952"}],"wp:term":[{"taxonomy":"category","embeddable":true,"href":"https:\/\/www.aceguarulhos.com.br\/blog\/wp-json\/wp\/v2\/categories?post=28952"},{"taxonomy":"post_tag","embeddable":true,"href":"https:\/\/www.aceguarulhos.com.br\/blog\/wp-json\/wp\/v2\/tags?post=28952"}],"curies":[{"name":"wp","href":"https:\/\/api.w.org\/{rel}","templated":true}]}}