{"id":28929,"date":"2004-12-13T08:22:44","date_gmt":"2004-12-13T08:22:44","guid":{"rendered":"http:\/\/www.aceguarulhos.com.br\/blog\/?p=28929"},"modified":"-0001-11-30T00:00:00","modified_gmt":"-0001-11-30T03:00:00","slug":"pmdb-deixa-governo-lula-e-lan%c3%a7ar%c3%a1-candidato-em-2006","status":"publish","type":"post","link":"https:\/\/www.aceguarulhos.com.br\/blog\/pmdb-deixa-governo-lula-e-lan%c3%a7ar%c3%a1-candidato-em-2006\/","title":{"rendered":"PMDB deixa governo Lula e lan\u00e7ar\u00e1 candidato em 2006"},"content":{"rendered":"<p><P>O PMDB decidiu, durante conven\u00e7\u00e3o nacional do partido, deixar a base governista do presidente Lu\u00eds In\u00e1cio Lula da Silva e lan\u00e7ar candidato pr\u00f3prio para as elei\u00e7\u00f5es presidenciais de 2006. Foram 386 dos 396 votos da conven\u00e7\u00e3o a favor da propostas de deixar o governo e de entregar os cargos atualmente ocupados pelos peemedebistas. <\/P><P>Durante todo o dia, a conven\u00e7\u00e3o esteve embargada em raz\u00e3o de uma liminar concedida pelo Tribunal de Justi\u00e7a do Distrito Federal, que determinava o cancelamento da conven\u00e7\u00e3o. Essa liminar s\u00f3 foi cassada no final da tarde deste domingo, 12. Segundo o presidente do partido, deputado Michel Temer (SP), caso a liminar n\u00e3o fosse cassada, o resultado da conven\u00e7\u00e3o serviria como um indicativo da inten\u00e7\u00e3o do PMDB para o futuro. Uma vota\u00e7\u00e3o simb\u00f3lica aprovou a realiza\u00e7\u00e3o de uma mo\u00e7\u00e3o para o afastamento do partido de pessoas que participam do governo Lula. <\/P><P><STRONG>Liminar <\/STRONG>&#8211; O Tribunal de Justi\u00e7a do Distrito Federal cassou a liminar que suspendia a realiza\u00e7\u00e3o da conven\u00e7\u00e3o do partido. A suspens\u00e3o tinha sido determinada pelo desembargador Asdr\u00fabal Nascimento, do Tribunal de Justi\u00e7a do Distrito Federal, ap\u00f3s analisar agravo de instrumento impetrado pelo senador Ney Sussuna (PB) no s\u00e1bado \u00e0 noite. No mesmo dia, mais cedo, o senador teve pedido semelhante negado pelo juiz Luiz Carlos de Miranda, tamb\u00e9m da Justi\u00e7a do DF. Mesmo ap\u00f3s o pedido de reconsidera\u00e7\u00e3o feito pelo presidente nacional do partido, Michel Temer, o desembargador Asdr\u00fabal Nascimento Lima manteve a decis\u00e3o de suspender a conven\u00e7\u00e3o. A ala oposicionista do partido recorreu ao presidente do TJ-DF, desembargador Jos\u00e9 Jer\u00f4nimo, para anular a liminar concedida pelo desembargador de plant\u00e3o. <\/P><P><STRONG>Oportunidade<\/STRONG> &#8211; Apesar da liminar, a conven\u00e7\u00e3o obteve qu\u00f3rum e foi realizada. Temer lembrou que o partido n\u00e3o poderia perder a oportunidade, estando o PMDB do Brasil inteiro reunido, de ouvir os convencionais sobre as v\u00e1rias teses propostas&#8221;. <\/P><P>O governador do Rio Grande do Sul, Germano Rigotto (RS), afirmou que a liminar proibindo a realiza\u00e7\u00e3o da conven\u00e7\u00e3o do PMDB poderia enfranquecer o encontro, mas n\u00e3o a vontade da maioria do partido de se tornar indenpendente e lan\u00e7ar um candidato pr\u00f3prio \u00e0 presid\u00eancia em 2006. J\u00e1 o l\u00edder no Senado Renan Calheiros (AL), que faz parte da fac\u00e7\u00e3o peemedebista a favor da perman\u00eancia no governo, chegou a dizer que a realiza\u00e7\u00e3o do encontro era &#8220;um ato de desobedi\u00eancia civil&#8221;. <\/P><P><STRONG>&#8220;Racha&#8221; <\/STRONG>&#8211; A divis\u00e3o no PMDB entre a ala que defende a perman\u00eancia do partido na base aliada e a que prega o rompimento com o governo se agravou na semana passada. A comiss\u00e3o executiva se reuniu e decidiu adiar a conven\u00e7\u00e3o, como queriam os governistas, mas deu prazo de 48 horas aos dois ministros do partido para que entreguem os cargos. Como a ala governista n\u00e3o acatou a decis\u00e3o, ficou mantida a realiza\u00e7\u00e3o da conven\u00e7\u00e3o. <\/P><P><STRONG>Ministros<\/STRONG> &#8211; Os dois ministros do partido &#8211; Eunicio Oliveira, das Comunica\u00e7\u00f5es, e Amir Lando, da Previd\u00eancia &#8211; s\u00e3o favor\u00e1veis \u00e0 perman\u00eancia do PMDB na base de sustenta\u00e7\u00e3o do governo Lula. A ala governista \u00e9 encabe\u00e7ada ainda pelo presidente do Senado, Jos\u00e9 Sarney (AP), e pelo l\u00edder do partido no Senado, Renan Calheiros (AL). O presidente do PMDB, Michel Temer, faz parte do grupo favor\u00e1vel ao afastamento do governo, al\u00e9m de Orestes Qu\u00e9rcia, que comanda os oposicionistas em S\u00e3o Paulo, assim como Anthony Garotinho, no Rio de Janeiro, que n\u00e3o esconde de ningu\u00e9m suas inten\u00e7\u00f5es de se candidatar \u00e0 presid\u00eancia. <\/P><P><STRONG>Sa\u00edda <\/STRONG>&#8211; No dia seguinte \u00e0 decis\u00e3o do diret\u00f3rio nacional do PPS de entregar os cargos no governo federal e assumir posi\u00e7\u00e3o independente no Congresso, o ministro da Integra\u00e7\u00e3o Nacional, Ciro Gomes, disse que p\u00f4s o cargo \u00e0 disposi\u00e7\u00e3o do presidente Luiz In\u00e1cio Lula da Silva. Ciro deu a entender que seu destino ser\u00e1 mesmo procurar outra legenda.<\/P><\/p>\n","protected":false},"excerpt":{"rendered":"O PMDB decidiu, durante conven\u00e7\u00e3o nacional do partido, deixar a base governista do presidente Lu\u00eds In\u00e1cio Lula da Silva e lan\u00e7ar candidato pr\u00f3prio \n<a class=\"moretag\" href=\"https:\/\/www.aceguarulhos.com.br\/blog\/pmdb-deixa-governo-lula-e-lan%c3%a7ar%c3%a1-candidato-em-2006\/\"> [...]<\/a>","protected":false},"author":8,"featured_media":0,"comment_status":"open","ping_status":"open","sticky":false,"template":"","format":"standard","meta":{"footnotes":""},"categories":[2],"tags":[],"class_list":["post-28929","post","type-post","status-publish","format-standard","hentry","category-noticias"],"yoast_head":"<!-- This site is optimized with the Yoast SEO plugin v28.1 - https:\/\/yoast.com\/product\/yoast-seo-wordpress\/ -->\n<title>PMDB deixa governo Lula e lan\u00e7ar\u00e1 candidato em 2006 - ACE-Guarulhos<\/title>\n<meta name=\"robots\" content=\"index, follow, max-snippet:-1, max-image-preview:large, max-video-preview:-1\" \/>\n<link rel=\"canonical\" href=\"https:\/\/www.aceguarulhos.com.br\/blog\/pmdb-deixa-governo-lula-e-lan\u00e7ar\u00e1-candidato-em-2006\/\" \/>\n<meta property=\"og:locale\" content=\"pt_BR\" \/>\n<meta property=\"og:type\" content=\"article\" \/>\n<meta property=\"og:title\" content=\"PMDB deixa governo Lula e lan\u00e7ar\u00e1 candidato em 2006 - ACE-Guarulhos\" \/>\n<meta property=\"og:description\" content=\"O PMDB decidiu, durante conven\u00e7\u00e3o nacional do partido, deixar a base governista do presidente Lu\u00eds In\u00e1cio Lula da Silva e lan\u00e7ar candidato pr\u00f3prio\" \/>\n<meta property=\"og:url\" content=\"https:\/\/www.aceguarulhos.com.br\/blog\/pmdb-deixa-governo-lula-e-lan\u00e7ar\u00e1-candidato-em-2006\/\" \/>\n<meta property=\"og:site_name\" content=\"ACE-Guarulhos\" \/>\n<meta property=\"article:publisher\" content=\"https:\/\/www.facebook.com\/aceguarulhos\/\" \/>\n<meta property=\"article:published_time\" content=\"2004-12-13T08:22:44+00:00\" \/>\n<meta name=\"author\" content=\"Assessoria de Imprensa ACE-Guarulhos\" \/>\n<meta name=\"twitter:card\" content=\"summary_large_image\" \/>\n<meta name=\"twitter:label1\" content=\"Escrito por\" \/>\n\t<meta name=\"twitter:data1\" content=\"Assessoria de Imprensa ACE-Guarulhos\" \/>\n\t<meta name=\"twitter:label2\" content=\"Est. tempo de leitura\" \/>\n\t<meta name=\"twitter:data2\" content=\"3 minutos\" \/>\n<script type=\"application\/ld+json\" class=\"yoast-schema-graph\">{\"@context\":\"https:\\\/\\\/schema.org\",\"@graph\":[{\"@type\":\"Article\",\"@id\":\"https:\\\/\\\/www.aceguarulhos.com.br\\\/blog\\\/pmdb-deixa-governo-lula-e-lan%c3%a7ar%c3%a1-candidato-em-2006\\\/#article\",\"isPartOf\":{\"@id\":\"https:\\\/\\\/www.aceguarulhos.com.br\\\/blog\\\/pmdb-deixa-governo-lula-e-lan%c3%a7ar%c3%a1-candidato-em-2006\\\/\"},\"author\":{\"name\":\"Assessoria de Imprensa ACE-Guarulhos\",\"@id\":\"https:\\\/\\\/www.aceguarulhos.com.br\\\/blog\\\/#\\\/schema\\\/person\\\/6983b51bad37489989e4f09698c26237\"},\"headline\":\"PMDB deixa governo Lula e lan\u00e7ar\u00e1 candidato em 2006\",\"datePublished\":\"2004-12-13T08:22:44+00:00\",\"mainEntityOfPage\":{\"@id\":\"https:\\\/\\\/www.aceguarulhos.com.br\\\/blog\\\/pmdb-deixa-governo-lula-e-lan%c3%a7ar%c3%a1-candidato-em-2006\\\/\"},\"wordCount\":694,\"commentCount\":0,\"publisher\":{\"@id\":\"https:\\\/\\\/www.aceguarulhos.com.br\\\/blog\\\/#organization\"},\"articleSection\":[\"Not\u00edcias\"],\"inLanguage\":\"pt-BR\"},{\"@type\":\"WebPage\",\"@id\":\"https:\\\/\\\/www.aceguarulhos.com.br\\\/blog\\\/pmdb-deixa-governo-lula-e-lan%c3%a7ar%c3%a1-candidato-em-2006\\\/\",\"url\":\"https:\\\/\\\/www.aceguarulhos.com.br\\\/blog\\\/pmdb-deixa-governo-lula-e-lan%c3%a7ar%c3%a1-candidato-em-2006\\\/\",\"name\":\"PMDB deixa governo Lula e lan\u00e7ar\u00e1 candidato em 2006 - ACE-Guarulhos\",\"isPartOf\":{\"@id\":\"https:\\\/\\\/www.aceguarulhos.com.br\\\/blog\\\/#website\"},\"datePublished\":\"2004-12-13T08:22:44+00:00\",\"breadcrumb\":{\"@id\":\"https:\\\/\\\/www.aceguarulhos.com.br\\\/blog\\\/pmdb-deixa-governo-lula-e-lan%c3%a7ar%c3%a1-candidato-em-2006\\\/#breadcrumb\"},\"inLanguage\":\"pt-BR\",\"potentialAction\":[{\"@type\":\"ReadAction\",\"target\":[\"https:\\\/\\\/www.aceguarulhos.com.br\\\/blog\\\/pmdb-deixa-governo-lula-e-lan%c3%a7ar%c3%a1-candidato-em-2006\\\/\"]}]},{\"@type\":\"BreadcrumbList\",\"@id\":\"https:\\\/\\\/www.aceguarulhos.com.br\\\/blog\\\/pmdb-deixa-governo-lula-e-lan%c3%a7ar%c3%a1-candidato-em-2006\\\/#breadcrumb\",\"itemListElement\":[{\"@type\":\"ListItem\",\"position\":1,\"name\":\"In\u00edcio\",\"item\":\"https:\\\/\\\/www.aceguarulhos.com.br\\\/blog\\\/\"},{\"@type\":\"ListItem\",\"position\":2,\"name\":\"PMDB deixa governo Lula e lan\u00e7ar\u00e1 candidato em 2006\"}]},{\"@type\":\"WebSite\",\"@id\":\"https:\\\/\\\/www.aceguarulhos.com.br\\\/blog\\\/#website\",\"url\":\"https:\\\/\\\/www.aceguarulhos.com.br\\\/blog\\\/\",\"name\":\"ACE-Guarulhos\",\"description\":\"A ACE-Guarulhos \u00e9 uma associa\u00e7\u00e3o que ap\u00f3ia os empres\u00e1rios guarulhenses atrav\u00e9s da representa\u00e7\u00e3o, da gera\u00e7\u00e3o de neg\u00f3cios e presta\u00e7\u00e3o de servi\u00e7os.\",\"publisher\":{\"@id\":\"https:\\\/\\\/www.aceguarulhos.com.br\\\/blog\\\/#organization\"},\"potentialAction\":[{\"@type\":\"SearchAction\",\"target\":{\"@type\":\"EntryPoint\",\"urlTemplate\":\"https:\\\/\\\/www.aceguarulhos.com.br\\\/blog\\\/?s={search_term_string}\"},\"query-input\":{\"@type\":\"PropertyValueSpecification\",\"valueRequired\":true,\"valueName\":\"search_term_string\"}}],\"inLanguage\":\"pt-BR\"},{\"@type\":\"Organization\",\"@id\":\"https:\\\/\\\/www.aceguarulhos.com.br\\\/blog\\\/#organization\",\"name\":\"ACE-Guarulhos\",\"url\":\"https:\\\/\\\/www.aceguarulhos.com.br\\\/blog\\\/\",\"logo\":{\"@type\":\"ImageObject\",\"inLanguage\":\"pt-BR\",\"@id\":\"https:\\\/\\\/www.aceguarulhos.com.br\\\/blog\\\/#\\\/schema\\\/logo\\\/image\\\/\",\"url\":\"https:\\\/\\\/www.aceguarulhos.com.br\\\/blog\\\/wp-content\\\/uploads\\\/2017\\\/12\\\/logo-aceguarulhos-2018.png\",\"contentUrl\":\"https:\\\/\\\/www.aceguarulhos.com.br\\\/blog\\\/wp-content\\\/uploads\\\/2017\\\/12\\\/logo-aceguarulhos-2018.png\",\"width\":419,\"height\":76,\"caption\":\"ACE-Guarulhos\"},\"image\":{\"@id\":\"https:\\\/\\\/www.aceguarulhos.com.br\\\/blog\\\/#\\\/schema\\\/logo\\\/image\\\/\"},\"sameAs\":[\"https:\\\/\\\/www.facebook.com\\\/aceguarulhos\\\/\",\"https:\\\/\\\/br.linkedin.com\\\/in\\\/ace-guarulhos-b9a97093\",\"https:\\\/\\\/www.youtube.com\\\/user\\\/aceguarulhos\"]},{\"@type\":\"Person\",\"@id\":\"https:\\\/\\\/www.aceguarulhos.com.br\\\/blog\\\/#\\\/schema\\\/person\\\/6983b51bad37489989e4f09698c26237\",\"name\":\"Assessoria de Imprensa ACE-Guarulhos\",\"image\":{\"@type\":\"ImageObject\",\"inLanguage\":\"pt-BR\",\"@id\":\"https:\\\/\\\/secure.gravatar.com\\\/avatar\\\/707f3fadd6918afeb64173ab22d8a8cb0676953098a4f31ff36dc2b4c699ef6a?s=96&d=mm&r=g\",\"url\":\"https:\\\/\\\/secure.gravatar.com\\\/avatar\\\/707f3fadd6918afeb64173ab22d8a8cb0676953098a4f31ff36dc2b4c699ef6a?s=96&d=mm&r=g\",\"contentUrl\":\"https:\\\/\\\/secure.gravatar.com\\\/avatar\\\/707f3fadd6918afeb64173ab22d8a8cb0676953098a4f31ff36dc2b4c699ef6a?s=96&d=mm&r=g\",\"caption\":\"Assessoria de Imprensa ACE-Guarulhos\"},\"url\":\"https:\\\/\\\/www.aceguarulhos.com.br\\\/blog\\\/author\\\/assessoria-de-imprensa-ace-guarulhos\\\/\"}]}<\/script>\n<!-- \/ Yoast SEO plugin. -->","yoast_head_json":{"title":"PMDB deixa governo Lula e lan\u00e7ar\u00e1 candidato em 2006 - ACE-Guarulhos","robots":{"index":"index","follow":"follow","max-snippet":"max-snippet:-1","max-image-preview":"max-image-preview:large","max-video-preview":"max-video-preview:-1"},"canonical":"https:\/\/www.aceguarulhos.com.br\/blog\/pmdb-deixa-governo-lula-e-lan\u00e7ar\u00e1-candidato-em-2006\/","og_locale":"pt_BR","og_type":"article","og_title":"PMDB deixa governo Lula e lan\u00e7ar\u00e1 candidato em 2006 - ACE-Guarulhos","og_description":"O PMDB decidiu, durante conven\u00e7\u00e3o nacional do partido, deixar a base governista do presidente Lu\u00eds In\u00e1cio Lula da Silva e lan\u00e7ar candidato pr\u00f3prio","og_url":"https:\/\/www.aceguarulhos.com.br\/blog\/pmdb-deixa-governo-lula-e-lan\u00e7ar\u00e1-candidato-em-2006\/","og_site_name":"ACE-Guarulhos","article_publisher":"https:\/\/www.facebook.com\/aceguarulhos\/","article_published_time":"2004-12-13T08:22:44+00:00","author":"Assessoria de Imprensa ACE-Guarulhos","twitter_card":"summary_large_image","twitter_misc":{"Escrito por":"Assessoria de Imprensa ACE-Guarulhos","Est. tempo de leitura":"3 minutos"},"schema":{"@context":"https:\/\/schema.org","@graph":[{"@type":"Article","@id":"https:\/\/www.aceguarulhos.com.br\/blog\/pmdb-deixa-governo-lula-e-lan%c3%a7ar%c3%a1-candidato-em-2006\/#article","isPartOf":{"@id":"https:\/\/www.aceguarulhos.com.br\/blog\/pmdb-deixa-governo-lula-e-lan%c3%a7ar%c3%a1-candidato-em-2006\/"},"author":{"name":"Assessoria de Imprensa ACE-Guarulhos","@id":"https:\/\/www.aceguarulhos.com.br\/blog\/#\/schema\/person\/6983b51bad37489989e4f09698c26237"},"headline":"PMDB deixa governo Lula e lan\u00e7ar\u00e1 candidato em 2006","datePublished":"2004-12-13T08:22:44+00:00","mainEntityOfPage":{"@id":"https:\/\/www.aceguarulhos.com.br\/blog\/pmdb-deixa-governo-lula-e-lan%c3%a7ar%c3%a1-candidato-em-2006\/"},"wordCount":694,"commentCount":0,"publisher":{"@id":"https:\/\/www.aceguarulhos.com.br\/blog\/#organization"},"articleSection":["Not\u00edcias"],"inLanguage":"pt-BR"},{"@type":"WebPage","@id":"https:\/\/www.aceguarulhos.com.br\/blog\/pmdb-deixa-governo-lula-e-lan%c3%a7ar%c3%a1-candidato-em-2006\/","url":"https:\/\/www.aceguarulhos.com.br\/blog\/pmdb-deixa-governo-lula-e-lan%c3%a7ar%c3%a1-candidato-em-2006\/","name":"PMDB deixa governo Lula e lan\u00e7ar\u00e1 candidato em 2006 - ACE-Guarulhos","isPartOf":{"@id":"https:\/\/www.aceguarulhos.com.br\/blog\/#website"},"datePublished":"2004-12-13T08:22:44+00:00","breadcrumb":{"@id":"https:\/\/www.aceguarulhos.com.br\/blog\/pmdb-deixa-governo-lula-e-lan%c3%a7ar%c3%a1-candidato-em-2006\/#breadcrumb"},"inLanguage":"pt-BR","potentialAction":[{"@type":"ReadAction","target":["https:\/\/www.aceguarulhos.com.br\/blog\/pmdb-deixa-governo-lula-e-lan%c3%a7ar%c3%a1-candidato-em-2006\/"]}]},{"@type":"BreadcrumbList","@id":"https:\/\/www.aceguarulhos.com.br\/blog\/pmdb-deixa-governo-lula-e-lan%c3%a7ar%c3%a1-candidato-em-2006\/#breadcrumb","itemListElement":[{"@type":"ListItem","position":1,"name":"In\u00edcio","item":"https:\/\/www.aceguarulhos.com.br\/blog\/"},{"@type":"ListItem","position":2,"name":"PMDB deixa governo Lula e lan\u00e7ar\u00e1 candidato em 2006"}]},{"@type":"WebSite","@id":"https:\/\/www.aceguarulhos.com.br\/blog\/#website","url":"https:\/\/www.aceguarulhos.com.br\/blog\/","name":"ACE-Guarulhos","description":"A ACE-Guarulhos \u00e9 uma associa\u00e7\u00e3o que ap\u00f3ia os empres\u00e1rios guarulhenses atrav\u00e9s da representa\u00e7\u00e3o, da gera\u00e7\u00e3o de neg\u00f3cios e presta\u00e7\u00e3o de servi\u00e7os.","publisher":{"@id":"https:\/\/www.aceguarulhos.com.br\/blog\/#organization"},"potentialAction":[{"@type":"SearchAction","target":{"@type":"EntryPoint","urlTemplate":"https:\/\/www.aceguarulhos.com.br\/blog\/?s={search_term_string}"},"query-input":{"@type":"PropertyValueSpecification","valueRequired":true,"valueName":"search_term_string"}}],"inLanguage":"pt-BR"},{"@type":"Organization","@id":"https:\/\/www.aceguarulhos.com.br\/blog\/#organization","name":"ACE-Guarulhos","url":"https:\/\/www.aceguarulhos.com.br\/blog\/","logo":{"@type":"ImageObject","inLanguage":"pt-BR","@id":"https:\/\/www.aceguarulhos.com.br\/blog\/#\/schema\/logo\/image\/","url":"https:\/\/www.aceguarulhos.com.br\/blog\/wp-content\/uploads\/2017\/12\/logo-aceguarulhos-2018.png","contentUrl":"https:\/\/www.aceguarulhos.com.br\/blog\/wp-content\/uploads\/2017\/12\/logo-aceguarulhos-2018.png","width":419,"height":76,"caption":"ACE-Guarulhos"},"image":{"@id":"https:\/\/www.aceguarulhos.com.br\/blog\/#\/schema\/logo\/image\/"},"sameAs":["https:\/\/www.facebook.com\/aceguarulhos\/","https:\/\/br.linkedin.com\/in\/ace-guarulhos-b9a97093","https:\/\/www.youtube.com\/user\/aceguarulhos"]},{"@type":"Person","@id":"https:\/\/www.aceguarulhos.com.br\/blog\/#\/schema\/person\/6983b51bad37489989e4f09698c26237","name":"Assessoria de Imprensa ACE-Guarulhos","image":{"@type":"ImageObject","inLanguage":"pt-BR","@id":"https:\/\/secure.gravatar.com\/avatar\/707f3fadd6918afeb64173ab22d8a8cb0676953098a4f31ff36dc2b4c699ef6a?s=96&d=mm&r=g","url":"https:\/\/secure.gravatar.com\/avatar\/707f3fadd6918afeb64173ab22d8a8cb0676953098a4f31ff36dc2b4c699ef6a?s=96&d=mm&r=g","contentUrl":"https:\/\/secure.gravatar.com\/avatar\/707f3fadd6918afeb64173ab22d8a8cb0676953098a4f31ff36dc2b4c699ef6a?s=96&d=mm&r=g","caption":"Assessoria de Imprensa ACE-Guarulhos"},"url":"https:\/\/www.aceguarulhos.com.br\/blog\/author\/assessoria-de-imprensa-ace-guarulhos\/"}]}},"wps_subtitle":"","amp_enabled":true,"_links":{"self":[{"href":"https:\/\/www.aceguarulhos.com.br\/blog\/wp-json\/wp\/v2\/posts\/28929","targetHints":{"allow":["GET"]}}],"collection":[{"href":"https:\/\/www.aceguarulhos.com.br\/blog\/wp-json\/wp\/v2\/posts"}],"about":[{"href":"https:\/\/www.aceguarulhos.com.br\/blog\/wp-json\/wp\/v2\/types\/post"}],"author":[{"embeddable":true,"href":"https:\/\/www.aceguarulhos.com.br\/blog\/wp-json\/wp\/v2\/users\/8"}],"replies":[{"embeddable":true,"href":"https:\/\/www.aceguarulhos.com.br\/blog\/wp-json\/wp\/v2\/comments?post=28929"}],"version-history":[{"count":0,"href":"https:\/\/www.aceguarulhos.com.br\/blog\/wp-json\/wp\/v2\/posts\/28929\/revisions"}],"wp:attachment":[{"href":"https:\/\/www.aceguarulhos.com.br\/blog\/wp-json\/wp\/v2\/media?parent=28929"}],"wp:term":[{"taxonomy":"category","embeddable":true,"href":"https:\/\/www.aceguarulhos.com.br\/blog\/wp-json\/wp\/v2\/categories?post=28929"},{"taxonomy":"post_tag","embeddable":true,"href":"https:\/\/www.aceguarulhos.com.br\/blog\/wp-json\/wp\/v2\/tags?post=28929"}],"curies":[{"name":"wp","href":"https:\/\/api.w.org\/{rel}","templated":true}]}}