{"id":28921,"date":"2004-12-10T08:52:37","date_gmt":"2004-12-10T08:52:37","guid":{"rendered":"http:\/\/www.aceguarulhos.com.br\/blog\/?p=28921"},"modified":"-0001-11-30T00:00:00","modified_gmt":"-0001-11-30T03:00:00","slug":"a-mais-alta-carga-fiscal-da-am%c3%a9rica-latina","status":"publish","type":"post","link":"https:\/\/www.aceguarulhos.com.br\/blog\/a-mais-alta-carga-fiscal-da-am%c3%a9rica-latina\/","title":{"rendered":"A mais alta carga fiscal da Am\u00e9rica Latina"},"content":{"rendered":"<p><P>A carga tribut\u00e1ria em 2003 ficou menor do que o inicialmente estimado, mas continua sendo a mais alta da Am\u00e9rica Latina. A Receita Federal anunciou que o volume de impostos, taxas e tributos cobrados no Pa\u00eds fechou o ano passado em 34,88% do Produto Interno Bruto (PIB), abaixo da estat\u00edstica anterior, divulgada no in\u00edcio do ano, que tinha sido de 35,68% do PIB. A redu\u00e7\u00e3o de 0,8 ponto percentual ocorreu com a revis\u00e3o, na semana passada, do valor do PIB em 2003 feita pelo Instituto Brasileiro de Geografia e Estat\u00edstica (IBGE): de uma retra\u00e7\u00e3o de 0,2% para um crescimento de 0,5%. <\/P><P>&#8220;Os n\u00fameros de 2003 mostram que o compromisso est\u00e1 sendo cumprido&#8221;, comemorou o ministro da Fazenda, Antonio Palocci. Palocci referia-se \u00e0 promessa feita, no primeiro ano do governo, de n\u00e3o aumentar a carga tribut\u00e1ria. O n\u00famero divulgado revela a primeira queda da carga desde 1996. Em uma trajet\u00f3ria fortemente ascendente h\u00e1 dez anos, a carga tinha batido o recorde em 2002, \u00faltimo ano do governo Fernando Henrique Cardoso, quando atingiu 35,53% do PIB. <\/P><P>O valor da carga \u00e9 obtido pela divis\u00e3o do volume total de receitas tribut\u00e1rias pelo PIB do mesmo per\u00edodo. &#8220;Com o denominador maior (o PIB), a carga caiu&#8221;, explicou a coordenadora-geral de Pol\u00edtica Tribut\u00e1ria da Receita, Andr\u00e9a Lemgruber. Segundo ela, a redu\u00e7\u00e3o de 2003 significa uma revers\u00e3o de tend\u00eancia de alta da \u00faltima d\u00e9cada. Essa tend\u00eancia se acentuou a partir de 1998, quando o governo FHC elevou o peso dos impostos e contribui\u00e7\u00f5es federais para fazer frente ao ajuste fiscal acertado com o Fundo Monet\u00e1rio Internacional (FMI). De 1998 a 2002, a carga cresceu, em m\u00e9dia, 1,5 ponto percentual ao ano. J\u00e1 de 2002 para 2003 a carga caiu 0,65 ponto percentual do PIB. <\/P><P>Segundo a coordenadora, com essa revers\u00e3o da tend\u00eancia de crescimento o governo est\u00e1 conseguindo fazer uma pol\u00edtica tribut\u00e1ria de maior qualidade. &#8220;Estamos num n\u00edvel de arrecada\u00e7\u00e3o mais confort\u00e1vel. Com isso foi poss\u00edvel fazer o corte de impostos, com o &#8220;pacote de bondades&#8221;, afirmou. Lemgruber reiterou que valor de carga tribut\u00e1ria &#8220;n\u00e3o \u00e9 meta&#8221;. &#8220;N\u00e3o temos como dizer que n\u00e3o vai ter aumento nos pr\u00f3ximos anos&#8221;. Para ela, com o pacote de 21 &#8220;bondades&#8221; j\u00e1 anunciado, est\u00e1 &#8220;ficando claro&#8221; que o corte de tributos \u00e9 uma pol\u00edtica do governo. &#8220;\u00c9 consenso que a carga tribut\u00e1ria chegou ao seu limite&#8221;, disse. <\/P><P>Pelos c\u00e1lculos da Receita, a arrecada\u00e7\u00e3o tribut\u00e1ria bruta (governos federal, estadual e municipal) subiu de R$ 478,25 bilh\u00f5es, em 2002, para R$ 542,75 bilh\u00f5es, apresentando uma queda real de 1,31%. Enquanto as receitas da Uni\u00e3o tiveram uma queda real de 2,01%, a participa\u00e7\u00e3o dos Estados no total da carga do Pa\u00eds aumentou 0,04% e a dos munic\u00edpios cresceu mais ainda: 2,13%. Esse aumento do peso da carga dos munic\u00edpios est\u00e1 associado, principalmente, \u00e0 decis\u00e3o de algumas prefeituras de elevar o IPTU. J\u00e1 boa parte da queda observada na carga da Uni\u00e3o reflete o fato de que, em 2002, o governo federal teve uma s\u00e9rie de receitas at\u00edpicas, como o pagamento de impostos atrasados dos fundos de pens\u00e3o, que n\u00e3o se repetiram em 2003. <\/P><P>Para 2004, por\u00e9m, a expectativa \u00e9 de que ocorra um aumento da carga. Em novembro, ao participar da reuni\u00e3o do Conselho de Desenvolvimento Econ\u00f4mico e Social (CDES), o ministro Palocci j\u00e1 havia admitido a possibilidade de a carga aumentar devido ao impacto do forte crescimento da economia na arrecada\u00e7\u00e3o. Mas o ministro foi mais cauteloso ao falar sobre o assunto: &#8220;Os dados de carga tribut\u00e1ria s\u00f3 podem ser vistos com o n\u00famero definitivo do PIB divulgado pelo IBGE&#8221;, afirmou. <\/P><P>O valor da carga tribut\u00e1ria brasileira est\u00e1 na m\u00e9dia da dos pa\u00edses da Organiza\u00e7\u00e3o para a Coopera\u00e7\u00e3o e Desenvolvimento Econ\u00f4mico (OCDE), que \u00e9 de 36,9% do PIB, segundo Lemgruber. Mas ela, no entanto, \u00e9 maior do que a da Nova Zel\u00e2ndia (34,9%), Austr\u00e1lia (30,1%) e M\u00e9xico (18%).<\/P><\/p>\n","protected":false},"excerpt":{"rendered":"A carga tribut\u00e1ria em 2003 ficou menor do que o inicialmente estimado, mas continua sendo a mais alta da Am\u00e9rica Latina. A Receita \n<a class=\"moretag\" href=\"https:\/\/www.aceguarulhos.com.br\/blog\/a-mais-alta-carga-fiscal-da-am%c3%a9rica-latina\/\"> [...]<\/a>","protected":false},"author":8,"featured_media":0,"comment_status":"open","ping_status":"open","sticky":false,"template":"","format":"standard","meta":{"footnotes":""},"categories":[2],"tags":[],"class_list":["post-28921","post","type-post","status-publish","format-standard","hentry","category-noticias"],"yoast_head":"<!-- This site is optimized with the Yoast SEO plugin v28.1 - https:\/\/yoast.com\/product\/yoast-seo-wordpress\/ -->\n<title>A mais alta carga fiscal da Am\u00e9rica Latina - ACE-Guarulhos<\/title>\n<meta name=\"robots\" content=\"index, follow, max-snippet:-1, max-image-preview:large, max-video-preview:-1\" \/>\n<link rel=\"canonical\" href=\"https:\/\/www.aceguarulhos.com.br\/blog\/a-mais-alta-carga-fiscal-da-am\u00e9rica-latina\/\" \/>\n<meta property=\"og:locale\" content=\"pt_BR\" \/>\n<meta property=\"og:type\" content=\"article\" \/>\n<meta property=\"og:title\" content=\"A mais alta carga fiscal da Am\u00e9rica Latina - ACE-Guarulhos\" \/>\n<meta property=\"og:description\" content=\"A carga tribut\u00e1ria em 2003 ficou menor do que o inicialmente estimado, mas continua sendo a mais alta da Am\u00e9rica Latina. A Receita\" \/>\n<meta property=\"og:url\" content=\"https:\/\/www.aceguarulhos.com.br\/blog\/a-mais-alta-carga-fiscal-da-am\u00e9rica-latina\/\" \/>\n<meta property=\"og:site_name\" content=\"ACE-Guarulhos\" \/>\n<meta property=\"article:publisher\" content=\"https:\/\/www.facebook.com\/aceguarulhos\/\" \/>\n<meta property=\"article:published_time\" content=\"2004-12-10T08:52:37+00:00\" \/>\n<meta name=\"author\" content=\"Assessoria de Imprensa ACE-Guarulhos\" \/>\n<meta name=\"twitter:card\" content=\"summary_large_image\" \/>\n<meta name=\"twitter:label1\" content=\"Escrito por\" \/>\n\t<meta name=\"twitter:data1\" content=\"Assessoria de Imprensa ACE-Guarulhos\" \/>\n\t<meta name=\"twitter:label2\" content=\"Est. tempo de leitura\" \/>\n\t<meta name=\"twitter:data2\" content=\"3 minutos\" \/>\n<script type=\"application\/ld+json\" class=\"yoast-schema-graph\">{\"@context\":\"https:\\\/\\\/schema.org\",\"@graph\":[{\"@type\":\"Article\",\"@id\":\"https:\\\/\\\/www.aceguarulhos.com.br\\\/blog\\\/a-mais-alta-carga-fiscal-da-am%c3%a9rica-latina\\\/#article\",\"isPartOf\":{\"@id\":\"https:\\\/\\\/www.aceguarulhos.com.br\\\/blog\\\/a-mais-alta-carga-fiscal-da-am%c3%a9rica-latina\\\/\"},\"author\":{\"name\":\"Assessoria de Imprensa ACE-Guarulhos\",\"@id\":\"https:\\\/\\\/www.aceguarulhos.com.br\\\/blog\\\/#\\\/schema\\\/person\\\/6983b51bad37489989e4f09698c26237\"},\"headline\":\"A mais alta carga fiscal da Am\u00e9rica Latina\",\"datePublished\":\"2004-12-10T08:52:37+00:00\",\"mainEntityOfPage\":{\"@id\":\"https:\\\/\\\/www.aceguarulhos.com.br\\\/blog\\\/a-mais-alta-carga-fiscal-da-am%c3%a9rica-latina\\\/\"},\"wordCount\":676,\"commentCount\":0,\"publisher\":{\"@id\":\"https:\\\/\\\/www.aceguarulhos.com.br\\\/blog\\\/#organization\"},\"articleSection\":[\"Not\u00edcias\"],\"inLanguage\":\"pt-BR\"},{\"@type\":\"WebPage\",\"@id\":\"https:\\\/\\\/www.aceguarulhos.com.br\\\/blog\\\/a-mais-alta-carga-fiscal-da-am%c3%a9rica-latina\\\/\",\"url\":\"https:\\\/\\\/www.aceguarulhos.com.br\\\/blog\\\/a-mais-alta-carga-fiscal-da-am%c3%a9rica-latina\\\/\",\"name\":\"A mais alta carga fiscal da Am\u00e9rica Latina - ACE-Guarulhos\",\"isPartOf\":{\"@id\":\"https:\\\/\\\/www.aceguarulhos.com.br\\\/blog\\\/#website\"},\"datePublished\":\"2004-12-10T08:52:37+00:00\",\"breadcrumb\":{\"@id\":\"https:\\\/\\\/www.aceguarulhos.com.br\\\/blog\\\/a-mais-alta-carga-fiscal-da-am%c3%a9rica-latina\\\/#breadcrumb\"},\"inLanguage\":\"pt-BR\",\"potentialAction\":[{\"@type\":\"ReadAction\",\"target\":[\"https:\\\/\\\/www.aceguarulhos.com.br\\\/blog\\\/a-mais-alta-carga-fiscal-da-am%c3%a9rica-latina\\\/\"]}]},{\"@type\":\"BreadcrumbList\",\"@id\":\"https:\\\/\\\/www.aceguarulhos.com.br\\\/blog\\\/a-mais-alta-carga-fiscal-da-am%c3%a9rica-latina\\\/#breadcrumb\",\"itemListElement\":[{\"@type\":\"ListItem\",\"position\":1,\"name\":\"In\u00edcio\",\"item\":\"https:\\\/\\\/www.aceguarulhos.com.br\\\/blog\\\/\"},{\"@type\":\"ListItem\",\"position\":2,\"name\":\"A mais alta carga fiscal da Am\u00e9rica Latina\"}]},{\"@type\":\"WebSite\",\"@id\":\"https:\\\/\\\/www.aceguarulhos.com.br\\\/blog\\\/#website\",\"url\":\"https:\\\/\\\/www.aceguarulhos.com.br\\\/blog\\\/\",\"name\":\"ACE-Guarulhos\",\"description\":\"A ACE-Guarulhos \u00e9 uma associa\u00e7\u00e3o que ap\u00f3ia os empres\u00e1rios guarulhenses atrav\u00e9s da representa\u00e7\u00e3o, da gera\u00e7\u00e3o de neg\u00f3cios e presta\u00e7\u00e3o de servi\u00e7os.\",\"publisher\":{\"@id\":\"https:\\\/\\\/www.aceguarulhos.com.br\\\/blog\\\/#organization\"},\"potentialAction\":[{\"@type\":\"SearchAction\",\"target\":{\"@type\":\"EntryPoint\",\"urlTemplate\":\"https:\\\/\\\/www.aceguarulhos.com.br\\\/blog\\\/?s={search_term_string}\"},\"query-input\":{\"@type\":\"PropertyValueSpecification\",\"valueRequired\":true,\"valueName\":\"search_term_string\"}}],\"inLanguage\":\"pt-BR\"},{\"@type\":\"Organization\",\"@id\":\"https:\\\/\\\/www.aceguarulhos.com.br\\\/blog\\\/#organization\",\"name\":\"ACE-Guarulhos\",\"url\":\"https:\\\/\\\/www.aceguarulhos.com.br\\\/blog\\\/\",\"logo\":{\"@type\":\"ImageObject\",\"inLanguage\":\"pt-BR\",\"@id\":\"https:\\\/\\\/www.aceguarulhos.com.br\\\/blog\\\/#\\\/schema\\\/logo\\\/image\\\/\",\"url\":\"https:\\\/\\\/www.aceguarulhos.com.br\\\/blog\\\/wp-content\\\/uploads\\\/2017\\\/12\\\/logo-aceguarulhos-2018.png\",\"contentUrl\":\"https:\\\/\\\/www.aceguarulhos.com.br\\\/blog\\\/wp-content\\\/uploads\\\/2017\\\/12\\\/logo-aceguarulhos-2018.png\",\"width\":419,\"height\":76,\"caption\":\"ACE-Guarulhos\"},\"image\":{\"@id\":\"https:\\\/\\\/www.aceguarulhos.com.br\\\/blog\\\/#\\\/schema\\\/logo\\\/image\\\/\"},\"sameAs\":[\"https:\\\/\\\/www.facebook.com\\\/aceguarulhos\\\/\",\"https:\\\/\\\/br.linkedin.com\\\/in\\\/ace-guarulhos-b9a97093\",\"https:\\\/\\\/www.youtube.com\\\/user\\\/aceguarulhos\"]},{\"@type\":\"Person\",\"@id\":\"https:\\\/\\\/www.aceguarulhos.com.br\\\/blog\\\/#\\\/schema\\\/person\\\/6983b51bad37489989e4f09698c26237\",\"name\":\"Assessoria de Imprensa ACE-Guarulhos\",\"image\":{\"@type\":\"ImageObject\",\"inLanguage\":\"pt-BR\",\"@id\":\"https:\\\/\\\/secure.gravatar.com\\\/avatar\\\/707f3fadd6918afeb64173ab22d8a8cb0676953098a4f31ff36dc2b4c699ef6a?s=96&d=mm&r=g\",\"url\":\"https:\\\/\\\/secure.gravatar.com\\\/avatar\\\/707f3fadd6918afeb64173ab22d8a8cb0676953098a4f31ff36dc2b4c699ef6a?s=96&d=mm&r=g\",\"contentUrl\":\"https:\\\/\\\/secure.gravatar.com\\\/avatar\\\/707f3fadd6918afeb64173ab22d8a8cb0676953098a4f31ff36dc2b4c699ef6a?s=96&d=mm&r=g\",\"caption\":\"Assessoria de Imprensa ACE-Guarulhos\"},\"url\":\"https:\\\/\\\/www.aceguarulhos.com.br\\\/blog\\\/author\\\/assessoria-de-imprensa-ace-guarulhos\\\/\"}]}<\/script>\n<!-- \/ Yoast SEO plugin. -->","yoast_head_json":{"title":"A mais alta carga fiscal da Am\u00e9rica Latina - ACE-Guarulhos","robots":{"index":"index","follow":"follow","max-snippet":"max-snippet:-1","max-image-preview":"max-image-preview:large","max-video-preview":"max-video-preview:-1"},"canonical":"https:\/\/www.aceguarulhos.com.br\/blog\/a-mais-alta-carga-fiscal-da-am\u00e9rica-latina\/","og_locale":"pt_BR","og_type":"article","og_title":"A mais alta carga fiscal da Am\u00e9rica Latina - ACE-Guarulhos","og_description":"A carga tribut\u00e1ria em 2003 ficou menor do que o inicialmente estimado, mas continua sendo a mais alta da Am\u00e9rica Latina. A Receita","og_url":"https:\/\/www.aceguarulhos.com.br\/blog\/a-mais-alta-carga-fiscal-da-am\u00e9rica-latina\/","og_site_name":"ACE-Guarulhos","article_publisher":"https:\/\/www.facebook.com\/aceguarulhos\/","article_published_time":"2004-12-10T08:52:37+00:00","author":"Assessoria de Imprensa ACE-Guarulhos","twitter_card":"summary_large_image","twitter_misc":{"Escrito por":"Assessoria de Imprensa ACE-Guarulhos","Est. tempo de leitura":"3 minutos"},"schema":{"@context":"https:\/\/schema.org","@graph":[{"@type":"Article","@id":"https:\/\/www.aceguarulhos.com.br\/blog\/a-mais-alta-carga-fiscal-da-am%c3%a9rica-latina\/#article","isPartOf":{"@id":"https:\/\/www.aceguarulhos.com.br\/blog\/a-mais-alta-carga-fiscal-da-am%c3%a9rica-latina\/"},"author":{"name":"Assessoria de Imprensa ACE-Guarulhos","@id":"https:\/\/www.aceguarulhos.com.br\/blog\/#\/schema\/person\/6983b51bad37489989e4f09698c26237"},"headline":"A mais alta carga fiscal da Am\u00e9rica Latina","datePublished":"2004-12-10T08:52:37+00:00","mainEntityOfPage":{"@id":"https:\/\/www.aceguarulhos.com.br\/blog\/a-mais-alta-carga-fiscal-da-am%c3%a9rica-latina\/"},"wordCount":676,"commentCount":0,"publisher":{"@id":"https:\/\/www.aceguarulhos.com.br\/blog\/#organization"},"articleSection":["Not\u00edcias"],"inLanguage":"pt-BR"},{"@type":"WebPage","@id":"https:\/\/www.aceguarulhos.com.br\/blog\/a-mais-alta-carga-fiscal-da-am%c3%a9rica-latina\/","url":"https:\/\/www.aceguarulhos.com.br\/blog\/a-mais-alta-carga-fiscal-da-am%c3%a9rica-latina\/","name":"A mais alta carga fiscal da Am\u00e9rica Latina - ACE-Guarulhos","isPartOf":{"@id":"https:\/\/www.aceguarulhos.com.br\/blog\/#website"},"datePublished":"2004-12-10T08:52:37+00:00","breadcrumb":{"@id":"https:\/\/www.aceguarulhos.com.br\/blog\/a-mais-alta-carga-fiscal-da-am%c3%a9rica-latina\/#breadcrumb"},"inLanguage":"pt-BR","potentialAction":[{"@type":"ReadAction","target":["https:\/\/www.aceguarulhos.com.br\/blog\/a-mais-alta-carga-fiscal-da-am%c3%a9rica-latina\/"]}]},{"@type":"BreadcrumbList","@id":"https:\/\/www.aceguarulhos.com.br\/blog\/a-mais-alta-carga-fiscal-da-am%c3%a9rica-latina\/#breadcrumb","itemListElement":[{"@type":"ListItem","position":1,"name":"In\u00edcio","item":"https:\/\/www.aceguarulhos.com.br\/blog\/"},{"@type":"ListItem","position":2,"name":"A mais alta carga fiscal da Am\u00e9rica Latina"}]},{"@type":"WebSite","@id":"https:\/\/www.aceguarulhos.com.br\/blog\/#website","url":"https:\/\/www.aceguarulhos.com.br\/blog\/","name":"ACE-Guarulhos","description":"A ACE-Guarulhos \u00e9 uma associa\u00e7\u00e3o que ap\u00f3ia os empres\u00e1rios guarulhenses atrav\u00e9s da representa\u00e7\u00e3o, da gera\u00e7\u00e3o de neg\u00f3cios e presta\u00e7\u00e3o de servi\u00e7os.","publisher":{"@id":"https:\/\/www.aceguarulhos.com.br\/blog\/#organization"},"potentialAction":[{"@type":"SearchAction","target":{"@type":"EntryPoint","urlTemplate":"https:\/\/www.aceguarulhos.com.br\/blog\/?s={search_term_string}"},"query-input":{"@type":"PropertyValueSpecification","valueRequired":true,"valueName":"search_term_string"}}],"inLanguage":"pt-BR"},{"@type":"Organization","@id":"https:\/\/www.aceguarulhos.com.br\/blog\/#organization","name":"ACE-Guarulhos","url":"https:\/\/www.aceguarulhos.com.br\/blog\/","logo":{"@type":"ImageObject","inLanguage":"pt-BR","@id":"https:\/\/www.aceguarulhos.com.br\/blog\/#\/schema\/logo\/image\/","url":"https:\/\/www.aceguarulhos.com.br\/blog\/wp-content\/uploads\/2017\/12\/logo-aceguarulhos-2018.png","contentUrl":"https:\/\/www.aceguarulhos.com.br\/blog\/wp-content\/uploads\/2017\/12\/logo-aceguarulhos-2018.png","width":419,"height":76,"caption":"ACE-Guarulhos"},"image":{"@id":"https:\/\/www.aceguarulhos.com.br\/blog\/#\/schema\/logo\/image\/"},"sameAs":["https:\/\/www.facebook.com\/aceguarulhos\/","https:\/\/br.linkedin.com\/in\/ace-guarulhos-b9a97093","https:\/\/www.youtube.com\/user\/aceguarulhos"]},{"@type":"Person","@id":"https:\/\/www.aceguarulhos.com.br\/blog\/#\/schema\/person\/6983b51bad37489989e4f09698c26237","name":"Assessoria de Imprensa ACE-Guarulhos","image":{"@type":"ImageObject","inLanguage":"pt-BR","@id":"https:\/\/secure.gravatar.com\/avatar\/707f3fadd6918afeb64173ab22d8a8cb0676953098a4f31ff36dc2b4c699ef6a?s=96&d=mm&r=g","url":"https:\/\/secure.gravatar.com\/avatar\/707f3fadd6918afeb64173ab22d8a8cb0676953098a4f31ff36dc2b4c699ef6a?s=96&d=mm&r=g","contentUrl":"https:\/\/secure.gravatar.com\/avatar\/707f3fadd6918afeb64173ab22d8a8cb0676953098a4f31ff36dc2b4c699ef6a?s=96&d=mm&r=g","caption":"Assessoria de Imprensa ACE-Guarulhos"},"url":"https:\/\/www.aceguarulhos.com.br\/blog\/author\/assessoria-de-imprensa-ace-guarulhos\/"}]}},"wps_subtitle":"","amp_enabled":true,"_links":{"self":[{"href":"https:\/\/www.aceguarulhos.com.br\/blog\/wp-json\/wp\/v2\/posts\/28921","targetHints":{"allow":["GET"]}}],"collection":[{"href":"https:\/\/www.aceguarulhos.com.br\/blog\/wp-json\/wp\/v2\/posts"}],"about":[{"href":"https:\/\/www.aceguarulhos.com.br\/blog\/wp-json\/wp\/v2\/types\/post"}],"author":[{"embeddable":true,"href":"https:\/\/www.aceguarulhos.com.br\/blog\/wp-json\/wp\/v2\/users\/8"}],"replies":[{"embeddable":true,"href":"https:\/\/www.aceguarulhos.com.br\/blog\/wp-json\/wp\/v2\/comments?post=28921"}],"version-history":[{"count":0,"href":"https:\/\/www.aceguarulhos.com.br\/blog\/wp-json\/wp\/v2\/posts\/28921\/revisions"}],"wp:attachment":[{"href":"https:\/\/www.aceguarulhos.com.br\/blog\/wp-json\/wp\/v2\/media?parent=28921"}],"wp:term":[{"taxonomy":"category","embeddable":true,"href":"https:\/\/www.aceguarulhos.com.br\/blog\/wp-json\/wp\/v2\/categories?post=28921"},{"taxonomy":"post_tag","embeddable":true,"href":"https:\/\/www.aceguarulhos.com.br\/blog\/wp-json\/wp\/v2\/tags?post=28921"}],"curies":[{"name":"wp","href":"https:\/\/api.w.org\/{rel}","templated":true}]}}