{"id":28855,"date":"2004-11-19T09:02:22","date_gmt":"2004-11-19T09:02:22","guid":{"rendered":"http:\/\/www.aceguarulhos.com.br\/blog\/?p=28855"},"modified":"-0001-11-30T00:00:00","modified_gmt":"-0001-11-30T03:00:00","slug":"carlos-lessa-deixa-a-presid%c3%aancia-do-bndes","status":"publish","type":"post","link":"https:\/\/www.aceguarulhos.com.br\/blog\/carlos-lessa-deixa-a-presid%c3%aancia-do-bndes\/","title":{"rendered":"Carlos Lessa deixa a presid\u00eancia do BNDES"},"content":{"rendered":"<p><P>Carlos Lessa deixou, nesta quinta-feira, a presid\u00eancia do BNDES. Sua demiss\u00e3o foi decidida pelo presidente Luiz In\u00e1cio Lula da Silva. O ministro do Planejamento, Guido Mantega, assumir\u00e1 o cargo em definitivo. Para o minist\u00e9rio, o secret\u00e1rio-executivo, Nelson Machado, foi designado para o cargo de Mantega interinamente at\u00e9 dezembro.<\/P><P>Na quarta-feira, o l\u00edder do governo no Senado, Aloizio Mercadante (PT-SP), j\u00e1 havia conversado sobre o assunto com Lessa. Tamb\u00e9m na quarta, segundo o jornal &#8220;O Globo&#39;, integrantes do governo pr\u00f3ximos ao presidente procuraram Lessa para uma conversa e deixaram claro que sua situa\u00e7\u00e3o no cargo era insustent\u00e1vel.<\/P><P>Mesmo com a grande considera\u00e7\u00e3o do presidente por Lessa, ele era visto como um problema at\u00e9 mesmo por aqueles que sempre o defenderam dentro do governo. Lessa tornou p\u00fablica suas diverg\u00eancias e nunca aceitou a subordina\u00e7\u00e3o do Minist\u00e9rio do Desenvolvimento, declarando-se &#8220;independente&#39;. O ex-presidente do BNDES ainda criticava constantemente a pol\u00edtica econ\u00f4mica adotada pelo governo. Al\u00e9m disso, ele apresentou um desempenho considerado fraco no segundo ano de governo, no qual se esperava grandes investimentos por parte do setor produtivo.<\/P><P>Um abaixo-assinado de apoio \u00e0 perman\u00eancia de Lessa seria enviado nesta quinta \u00e0 tarde para o presidente Lula. O documento seria assinado por personalidades como o compositor Chico Buarque, o arquiteto Oscar Niemeyer, o jurista Fabio Konder Comparato e o roqueiro Frejat. Entidades como a OAB (Ordem dos Advogados do Brasil), ABI (Associa\u00e7\u00e3o Brasileira de Imprensa) e CUT (Central \u00danica dos Trabalhadores) tamb\u00e9m participaram do abaixo-assinado.<\/P><P><STRONG>Parlamentares protestam contra demiss\u00e3o<\/STRONG><\/P><P>Parlamentares de diversos partidos que encabe\u00e7aram um movimento em apoio \u00e0 perman\u00eancia de Carlos Lessa na presid\u00eancia do BNDES se disseram indignados com a demiss\u00e3o dele. A articula\u00e7\u00e3o da frente parlamentar come\u00e7ou no dia 15 de novembro e conta com assinaturas de pol\u00edticos, empres\u00e1rios, professores de universidades e famosos. <\/P><P>O deputado Chico Alencar (PT-SP), um dos formuladores da frente, junto com os tucanos Eduardo Paes e Denise Frossard, ambos do Rio de Janeiro, afirmam que o BNDES era o \u00fanico \u00f3rg\u00e3o do governo onde havia uma formula\u00e7\u00e3o de uma pol\u00edtica de crescimento estrat\u00e9gico e que por isso a demiss\u00e3o \u00e9 uma p\u00e9ssima not\u00edcia.<\/P><P><STRONG>Frei Betto anuncia que deixar\u00e1 o governo <\/STRONG><\/P><P>O assessor especial do presidente Lula, Frei Betto, anunciou sua sa\u00edda do governo no fim do ano. Ele alegou problemas pessoais. N\u00e3o h\u00e1 uma data marcada para sua sa\u00edda.<\/P><P>Frei Betto \u00e9 assessor de Lula desde o come\u00e7o do governo. Ele coordena as a\u00e7\u00f5es do programa Fome Zero. Em quinze dias, \u00e9 a segunda baixa na presid\u00eancia. Neste m\u00eas, o secret\u00e1rio de imprensa, Ricardo Kotscho, tamb\u00e9m anunciou que sair\u00e1 do governo.<\/P><\/p>\n","protected":false},"excerpt":{"rendered":"Carlos Lessa deixou, nesta quinta-feira, a presid\u00eancia do BNDES. Sua demiss\u00e3o foi decidida pelo presidente Luiz In\u00e1cio Lula da Silva. O ministro do \n<a class=\"moretag\" href=\"https:\/\/www.aceguarulhos.com.br\/blog\/carlos-lessa-deixa-a-presid%c3%aancia-do-bndes\/\"> [...]<\/a>","protected":false},"author":8,"featured_media":0,"comment_status":"open","ping_status":"open","sticky":false,"template":"","format":"standard","meta":{"footnotes":""},"categories":[2],"tags":[],"class_list":["post-28855","post","type-post","status-publish","format-standard","hentry","category-noticias"],"yoast_head":"<!-- This site is optimized with the Yoast SEO plugin v28.1 - https:\/\/yoast.com\/product\/yoast-seo-wordpress\/ -->\n<title>Carlos Lessa deixa a presid\u00eancia do BNDES - ACE-Guarulhos<\/title>\n<meta name=\"robots\" content=\"index, follow, max-snippet:-1, max-image-preview:large, max-video-preview:-1\" \/>\n<link rel=\"canonical\" href=\"https:\/\/www.aceguarulhos.com.br\/blog\/carlos-lessa-deixa-a-presid\u00eancia-do-bndes\/\" \/>\n<meta property=\"og:locale\" content=\"pt_BR\" \/>\n<meta property=\"og:type\" content=\"article\" \/>\n<meta property=\"og:title\" content=\"Carlos Lessa deixa a presid\u00eancia do BNDES - ACE-Guarulhos\" \/>\n<meta property=\"og:description\" content=\"Carlos Lessa deixou, nesta quinta-feira, a presid\u00eancia do BNDES. Sua demiss\u00e3o foi decidida pelo presidente Luiz In\u00e1cio Lula da Silva. O ministro do\" \/>\n<meta property=\"og:url\" content=\"https:\/\/www.aceguarulhos.com.br\/blog\/carlos-lessa-deixa-a-presid\u00eancia-do-bndes\/\" \/>\n<meta property=\"og:site_name\" content=\"ACE-Guarulhos\" \/>\n<meta property=\"article:publisher\" content=\"https:\/\/www.facebook.com\/aceguarulhos\/\" \/>\n<meta property=\"article:published_time\" content=\"2004-11-19T09:02:22+00:00\" \/>\n<meta name=\"author\" content=\"Assessoria de Imprensa ACE-Guarulhos\" \/>\n<meta name=\"twitter:card\" content=\"summary_large_image\" \/>\n<meta name=\"twitter:label1\" content=\"Escrito por\" \/>\n\t<meta name=\"twitter:data1\" content=\"Assessoria de Imprensa ACE-Guarulhos\" \/>\n\t<meta name=\"twitter:label2\" content=\"Est. tempo de leitura\" \/>\n\t<meta name=\"twitter:data2\" content=\"2 minutos\" \/>\n<script type=\"application\/ld+json\" class=\"yoast-schema-graph\">{\"@context\":\"https:\\\/\\\/schema.org\",\"@graph\":[{\"@type\":\"Article\",\"@id\":\"https:\\\/\\\/www.aceguarulhos.com.br\\\/blog\\\/carlos-lessa-deixa-a-presid%c3%aancia-do-bndes\\\/#article\",\"isPartOf\":{\"@id\":\"https:\\\/\\\/www.aceguarulhos.com.br\\\/blog\\\/carlos-lessa-deixa-a-presid%c3%aancia-do-bndes\\\/\"},\"author\":{\"name\":\"Assessoria de Imprensa ACE-Guarulhos\",\"@id\":\"https:\\\/\\\/www.aceguarulhos.com.br\\\/blog\\\/#\\\/schema\\\/person\\\/6983b51bad37489989e4f09698c26237\"},\"headline\":\"Carlos Lessa deixa a presid\u00eancia do BNDES\",\"datePublished\":\"2004-11-19T09:02:22+00:00\",\"mainEntityOfPage\":{\"@id\":\"https:\\\/\\\/www.aceguarulhos.com.br\\\/blog\\\/carlos-lessa-deixa-a-presid%c3%aancia-do-bndes\\\/\"},\"wordCount\":473,\"commentCount\":0,\"publisher\":{\"@id\":\"https:\\\/\\\/www.aceguarulhos.com.br\\\/blog\\\/#organization\"},\"articleSection\":[\"Not\u00edcias\"],\"inLanguage\":\"pt-BR\"},{\"@type\":\"WebPage\",\"@id\":\"https:\\\/\\\/www.aceguarulhos.com.br\\\/blog\\\/carlos-lessa-deixa-a-presid%c3%aancia-do-bndes\\\/\",\"url\":\"https:\\\/\\\/www.aceguarulhos.com.br\\\/blog\\\/carlos-lessa-deixa-a-presid%c3%aancia-do-bndes\\\/\",\"name\":\"Carlos Lessa deixa a presid\u00eancia do BNDES - ACE-Guarulhos\",\"isPartOf\":{\"@id\":\"https:\\\/\\\/www.aceguarulhos.com.br\\\/blog\\\/#website\"},\"datePublished\":\"2004-11-19T09:02:22+00:00\",\"breadcrumb\":{\"@id\":\"https:\\\/\\\/www.aceguarulhos.com.br\\\/blog\\\/carlos-lessa-deixa-a-presid%c3%aancia-do-bndes\\\/#breadcrumb\"},\"inLanguage\":\"pt-BR\",\"potentialAction\":[{\"@type\":\"ReadAction\",\"target\":[\"https:\\\/\\\/www.aceguarulhos.com.br\\\/blog\\\/carlos-lessa-deixa-a-presid%c3%aancia-do-bndes\\\/\"]}]},{\"@type\":\"BreadcrumbList\",\"@id\":\"https:\\\/\\\/www.aceguarulhos.com.br\\\/blog\\\/carlos-lessa-deixa-a-presid%c3%aancia-do-bndes\\\/#breadcrumb\",\"itemListElement\":[{\"@type\":\"ListItem\",\"position\":1,\"name\":\"In\u00edcio\",\"item\":\"https:\\\/\\\/www.aceguarulhos.com.br\\\/blog\\\/\"},{\"@type\":\"ListItem\",\"position\":2,\"name\":\"Carlos Lessa deixa a presid\u00eancia do BNDES\"}]},{\"@type\":\"WebSite\",\"@id\":\"https:\\\/\\\/www.aceguarulhos.com.br\\\/blog\\\/#website\",\"url\":\"https:\\\/\\\/www.aceguarulhos.com.br\\\/blog\\\/\",\"name\":\"ACE-Guarulhos\",\"description\":\"A ACE-Guarulhos \u00e9 uma associa\u00e7\u00e3o que ap\u00f3ia os empres\u00e1rios guarulhenses atrav\u00e9s da representa\u00e7\u00e3o, da gera\u00e7\u00e3o de neg\u00f3cios e presta\u00e7\u00e3o de servi\u00e7os.\",\"publisher\":{\"@id\":\"https:\\\/\\\/www.aceguarulhos.com.br\\\/blog\\\/#organization\"},\"potentialAction\":[{\"@type\":\"SearchAction\",\"target\":{\"@type\":\"EntryPoint\",\"urlTemplate\":\"https:\\\/\\\/www.aceguarulhos.com.br\\\/blog\\\/?s={search_term_string}\"},\"query-input\":{\"@type\":\"PropertyValueSpecification\",\"valueRequired\":true,\"valueName\":\"search_term_string\"}}],\"inLanguage\":\"pt-BR\"},{\"@type\":\"Organization\",\"@id\":\"https:\\\/\\\/www.aceguarulhos.com.br\\\/blog\\\/#organization\",\"name\":\"ACE-Guarulhos\",\"url\":\"https:\\\/\\\/www.aceguarulhos.com.br\\\/blog\\\/\",\"logo\":{\"@type\":\"ImageObject\",\"inLanguage\":\"pt-BR\",\"@id\":\"https:\\\/\\\/www.aceguarulhos.com.br\\\/blog\\\/#\\\/schema\\\/logo\\\/image\\\/\",\"url\":\"https:\\\/\\\/www.aceguarulhos.com.br\\\/blog\\\/wp-content\\\/uploads\\\/2017\\\/12\\\/logo-aceguarulhos-2018.png\",\"contentUrl\":\"https:\\\/\\\/www.aceguarulhos.com.br\\\/blog\\\/wp-content\\\/uploads\\\/2017\\\/12\\\/logo-aceguarulhos-2018.png\",\"width\":419,\"height\":76,\"caption\":\"ACE-Guarulhos\"},\"image\":{\"@id\":\"https:\\\/\\\/www.aceguarulhos.com.br\\\/blog\\\/#\\\/schema\\\/logo\\\/image\\\/\"},\"sameAs\":[\"https:\\\/\\\/www.facebook.com\\\/aceguarulhos\\\/\",\"https:\\\/\\\/br.linkedin.com\\\/in\\\/ace-guarulhos-b9a97093\",\"https:\\\/\\\/www.youtube.com\\\/user\\\/aceguarulhos\"]},{\"@type\":\"Person\",\"@id\":\"https:\\\/\\\/www.aceguarulhos.com.br\\\/blog\\\/#\\\/schema\\\/person\\\/6983b51bad37489989e4f09698c26237\",\"name\":\"Assessoria de Imprensa ACE-Guarulhos\",\"image\":{\"@type\":\"ImageObject\",\"inLanguage\":\"pt-BR\",\"@id\":\"https:\\\/\\\/secure.gravatar.com\\\/avatar\\\/707f3fadd6918afeb64173ab22d8a8cb0676953098a4f31ff36dc2b4c699ef6a?s=96&d=mm&r=g\",\"url\":\"https:\\\/\\\/secure.gravatar.com\\\/avatar\\\/707f3fadd6918afeb64173ab22d8a8cb0676953098a4f31ff36dc2b4c699ef6a?s=96&d=mm&r=g\",\"contentUrl\":\"https:\\\/\\\/secure.gravatar.com\\\/avatar\\\/707f3fadd6918afeb64173ab22d8a8cb0676953098a4f31ff36dc2b4c699ef6a?s=96&d=mm&r=g\",\"caption\":\"Assessoria de Imprensa ACE-Guarulhos\"},\"url\":\"https:\\\/\\\/www.aceguarulhos.com.br\\\/blog\\\/author\\\/assessoria-de-imprensa-ace-guarulhos\\\/\"}]}<\/script>\n<!-- \/ Yoast SEO plugin. -->","yoast_head_json":{"title":"Carlos Lessa deixa a presid\u00eancia do BNDES - ACE-Guarulhos","robots":{"index":"index","follow":"follow","max-snippet":"max-snippet:-1","max-image-preview":"max-image-preview:large","max-video-preview":"max-video-preview:-1"},"canonical":"https:\/\/www.aceguarulhos.com.br\/blog\/carlos-lessa-deixa-a-presid\u00eancia-do-bndes\/","og_locale":"pt_BR","og_type":"article","og_title":"Carlos Lessa deixa a presid\u00eancia do BNDES - ACE-Guarulhos","og_description":"Carlos Lessa deixou, nesta quinta-feira, a presid\u00eancia do BNDES. Sua demiss\u00e3o foi decidida pelo presidente Luiz In\u00e1cio Lula da Silva. O ministro do","og_url":"https:\/\/www.aceguarulhos.com.br\/blog\/carlos-lessa-deixa-a-presid\u00eancia-do-bndes\/","og_site_name":"ACE-Guarulhos","article_publisher":"https:\/\/www.facebook.com\/aceguarulhos\/","article_published_time":"2004-11-19T09:02:22+00:00","author":"Assessoria de Imprensa ACE-Guarulhos","twitter_card":"summary_large_image","twitter_misc":{"Escrito por":"Assessoria de Imprensa ACE-Guarulhos","Est. tempo de leitura":"2 minutos"},"schema":{"@context":"https:\/\/schema.org","@graph":[{"@type":"Article","@id":"https:\/\/www.aceguarulhos.com.br\/blog\/carlos-lessa-deixa-a-presid%c3%aancia-do-bndes\/#article","isPartOf":{"@id":"https:\/\/www.aceguarulhos.com.br\/blog\/carlos-lessa-deixa-a-presid%c3%aancia-do-bndes\/"},"author":{"name":"Assessoria de Imprensa ACE-Guarulhos","@id":"https:\/\/www.aceguarulhos.com.br\/blog\/#\/schema\/person\/6983b51bad37489989e4f09698c26237"},"headline":"Carlos Lessa deixa a presid\u00eancia do BNDES","datePublished":"2004-11-19T09:02:22+00:00","mainEntityOfPage":{"@id":"https:\/\/www.aceguarulhos.com.br\/blog\/carlos-lessa-deixa-a-presid%c3%aancia-do-bndes\/"},"wordCount":473,"commentCount":0,"publisher":{"@id":"https:\/\/www.aceguarulhos.com.br\/blog\/#organization"},"articleSection":["Not\u00edcias"],"inLanguage":"pt-BR"},{"@type":"WebPage","@id":"https:\/\/www.aceguarulhos.com.br\/blog\/carlos-lessa-deixa-a-presid%c3%aancia-do-bndes\/","url":"https:\/\/www.aceguarulhos.com.br\/blog\/carlos-lessa-deixa-a-presid%c3%aancia-do-bndes\/","name":"Carlos Lessa deixa a presid\u00eancia do BNDES - ACE-Guarulhos","isPartOf":{"@id":"https:\/\/www.aceguarulhos.com.br\/blog\/#website"},"datePublished":"2004-11-19T09:02:22+00:00","breadcrumb":{"@id":"https:\/\/www.aceguarulhos.com.br\/blog\/carlos-lessa-deixa-a-presid%c3%aancia-do-bndes\/#breadcrumb"},"inLanguage":"pt-BR","potentialAction":[{"@type":"ReadAction","target":["https:\/\/www.aceguarulhos.com.br\/blog\/carlos-lessa-deixa-a-presid%c3%aancia-do-bndes\/"]}]},{"@type":"BreadcrumbList","@id":"https:\/\/www.aceguarulhos.com.br\/blog\/carlos-lessa-deixa-a-presid%c3%aancia-do-bndes\/#breadcrumb","itemListElement":[{"@type":"ListItem","position":1,"name":"In\u00edcio","item":"https:\/\/www.aceguarulhos.com.br\/blog\/"},{"@type":"ListItem","position":2,"name":"Carlos Lessa deixa a presid\u00eancia do BNDES"}]},{"@type":"WebSite","@id":"https:\/\/www.aceguarulhos.com.br\/blog\/#website","url":"https:\/\/www.aceguarulhos.com.br\/blog\/","name":"ACE-Guarulhos","description":"A ACE-Guarulhos \u00e9 uma associa\u00e7\u00e3o que ap\u00f3ia os empres\u00e1rios guarulhenses atrav\u00e9s da representa\u00e7\u00e3o, da gera\u00e7\u00e3o de neg\u00f3cios e presta\u00e7\u00e3o de servi\u00e7os.","publisher":{"@id":"https:\/\/www.aceguarulhos.com.br\/blog\/#organization"},"potentialAction":[{"@type":"SearchAction","target":{"@type":"EntryPoint","urlTemplate":"https:\/\/www.aceguarulhos.com.br\/blog\/?s={search_term_string}"},"query-input":{"@type":"PropertyValueSpecification","valueRequired":true,"valueName":"search_term_string"}}],"inLanguage":"pt-BR"},{"@type":"Organization","@id":"https:\/\/www.aceguarulhos.com.br\/blog\/#organization","name":"ACE-Guarulhos","url":"https:\/\/www.aceguarulhos.com.br\/blog\/","logo":{"@type":"ImageObject","inLanguage":"pt-BR","@id":"https:\/\/www.aceguarulhos.com.br\/blog\/#\/schema\/logo\/image\/","url":"https:\/\/www.aceguarulhos.com.br\/blog\/wp-content\/uploads\/2017\/12\/logo-aceguarulhos-2018.png","contentUrl":"https:\/\/www.aceguarulhos.com.br\/blog\/wp-content\/uploads\/2017\/12\/logo-aceguarulhos-2018.png","width":419,"height":76,"caption":"ACE-Guarulhos"},"image":{"@id":"https:\/\/www.aceguarulhos.com.br\/blog\/#\/schema\/logo\/image\/"},"sameAs":["https:\/\/www.facebook.com\/aceguarulhos\/","https:\/\/br.linkedin.com\/in\/ace-guarulhos-b9a97093","https:\/\/www.youtube.com\/user\/aceguarulhos"]},{"@type":"Person","@id":"https:\/\/www.aceguarulhos.com.br\/blog\/#\/schema\/person\/6983b51bad37489989e4f09698c26237","name":"Assessoria de Imprensa ACE-Guarulhos","image":{"@type":"ImageObject","inLanguage":"pt-BR","@id":"https:\/\/secure.gravatar.com\/avatar\/707f3fadd6918afeb64173ab22d8a8cb0676953098a4f31ff36dc2b4c699ef6a?s=96&d=mm&r=g","url":"https:\/\/secure.gravatar.com\/avatar\/707f3fadd6918afeb64173ab22d8a8cb0676953098a4f31ff36dc2b4c699ef6a?s=96&d=mm&r=g","contentUrl":"https:\/\/secure.gravatar.com\/avatar\/707f3fadd6918afeb64173ab22d8a8cb0676953098a4f31ff36dc2b4c699ef6a?s=96&d=mm&r=g","caption":"Assessoria de Imprensa ACE-Guarulhos"},"url":"https:\/\/www.aceguarulhos.com.br\/blog\/author\/assessoria-de-imprensa-ace-guarulhos\/"}]}},"wps_subtitle":"","amp_enabled":true,"_links":{"self":[{"href":"https:\/\/www.aceguarulhos.com.br\/blog\/wp-json\/wp\/v2\/posts\/28855","targetHints":{"allow":["GET"]}}],"collection":[{"href":"https:\/\/www.aceguarulhos.com.br\/blog\/wp-json\/wp\/v2\/posts"}],"about":[{"href":"https:\/\/www.aceguarulhos.com.br\/blog\/wp-json\/wp\/v2\/types\/post"}],"author":[{"embeddable":true,"href":"https:\/\/www.aceguarulhos.com.br\/blog\/wp-json\/wp\/v2\/users\/8"}],"replies":[{"embeddable":true,"href":"https:\/\/www.aceguarulhos.com.br\/blog\/wp-json\/wp\/v2\/comments?post=28855"}],"version-history":[{"count":0,"href":"https:\/\/www.aceguarulhos.com.br\/blog\/wp-json\/wp\/v2\/posts\/28855\/revisions"}],"wp:attachment":[{"href":"https:\/\/www.aceguarulhos.com.br\/blog\/wp-json\/wp\/v2\/media?parent=28855"}],"wp:term":[{"taxonomy":"category","embeddable":true,"href":"https:\/\/www.aceguarulhos.com.br\/blog\/wp-json\/wp\/v2\/categories?post=28855"},{"taxonomy":"post_tag","embeddable":true,"href":"https:\/\/www.aceguarulhos.com.br\/blog\/wp-json\/wp\/v2\/tags?post=28855"}],"curies":[{"name":"wp","href":"https:\/\/api.w.org\/{rel}","templated":true}]}}