{"id":28842,"date":"2004-11-17T10:23:44","date_gmt":"2004-11-17T10:23:44","guid":{"rendered":"http:\/\/www.aceguarulhos.com.br\/blog\/?p=28842"},"modified":"-0001-11-30T00:00:00","modified_gmt":"-0001-11-30T03:00:00","slug":"feriados-prejudicam-mais-uma-vez-as-vendas-do-varejo","status":"publish","type":"post","link":"https:\/\/www.aceguarulhos.com.br\/blog\/feriados-prejudicam-mais-uma-vez-as-vendas-do-varejo\/","title":{"rendered":"Feriados prejudicam mais uma vez as vendas do varejo"},"content":{"rendered":"<p><P>O calend\u00e1rio afetou novamente o com\u00e9rcio. Assim, como no m\u00eas de outubro, as vendas na primeira quinzena de novembro ficaram menores que no mesmo per\u00edodo do ano passado em fun\u00e7\u00e3o de dois feriados. O n\u00famero de consultas ao Servi\u00e7o Central de Prote\u00e7\u00e3o ao Cr\u00e9dito (SCPC), que mede as vendas a prazo, nos primeiros 15 dias do m\u00eas, teve queda de 1,8%. No Usecheque, que mede as vendas a vista, a retra\u00e7\u00e3o foi de 4,2% em rela\u00e7\u00e3o a 2003. <\/P><P>&#8220;Este ano, a primeira quinzena de novembro teve 11 dias \u00fateis, enquanto em 2003 foram 12 dias porque o feriado de Finados caiu em um domingo. Al\u00e9m disso, teve emenda ap\u00f3s a elei\u00e7\u00e3o, as lojas abriram, mas as pessoas foram viajar e n\u00e3o compraram&#8221;, explicou o economista do Instituto Gast\u00e3o Vidigal, Em\u00edlio Alfieri. <\/P><P>Se comparadas \u00e0 primeira quinzena de outubro, as consultas ao SCPC e Usecheque foram de -9,1% e -1,8%, respectivamente. <\/P><P>O presidente da Associa\u00e7\u00e3o Comercial de S\u00e3o Paulo (ACSP), Guilherme Afif Domingos, afirmou que o varejo vem fazendo um grande esfor\u00e7o para manter as vendas, n\u00e3o tendo, at\u00e9 o momento, repassado para o consumidor a eleva\u00e7\u00e3o da taxa b\u00e1sica de juros (Selic). Isso porque o com\u00e9rcio fez seu estoque com perspectiva de continuidade da queda dos juros, tendo sido surpreendido com as duas \u00faltimas eleva\u00e7\u00f5es. <\/P><P><STRONG>Cautela<\/STRONG> &#8211; Entretanto, destacou Afif Domingos, se o Copom continuar elevando os juros como se prev\u00ea, o consumidor dever\u00e1 ficar mais cauteloso para se endividar e isso afetar\u00e1 as vendas do final do ano. <\/P><P>Em rela\u00e7\u00e3o \u00e0 inadimpl\u00eancia, a primeira quinzena de novembro registrou bons \u00edndices de recupera\u00e7\u00e3o. Os registros cancelados foram 23,2% maiores que em igual per\u00edodo de 2003 e 4,0% superiores aos de outubro. Os registros recebidos tamb\u00e9m tiveram alta: 13,4% em rela\u00e7\u00e3o a 2003 e 2,1% ante outubro. &#8220;Os registros recebidos n\u00e3o afetam a recupera\u00e7\u00e3o do cr\u00e9dito que \u00e9 alta no fim do ano&#8221;, disse Alfieri. <\/P><P><STRONG>Fernanda Pressinott<\/STRONG><\/P><\/p>\n","protected":false},"excerpt":{"rendered":"O calend\u00e1rio afetou novamente o com\u00e9rcio. Assim, como no m\u00eas de outubro, as vendas na primeira quinzena de novembro ficaram menores que no \n<a class=\"moretag\" href=\"https:\/\/www.aceguarulhos.com.br\/blog\/feriados-prejudicam-mais-uma-vez-as-vendas-do-varejo\/\"> [...]<\/a>","protected":false},"author":8,"featured_media":0,"comment_status":"open","ping_status":"open","sticky":false,"template":"","format":"standard","meta":{"footnotes":""},"categories":[2],"tags":[],"class_list":["post-28842","post","type-post","status-publish","format-standard","hentry","category-noticias"],"yoast_head":"<!-- This site is optimized with the Yoast SEO plugin v28.1 - https:\/\/yoast.com\/product\/yoast-seo-wordpress\/ -->\n<title>Feriados prejudicam mais uma vez as vendas do varejo - ACE-Guarulhos<\/title>\n<meta name=\"robots\" content=\"index, follow, max-snippet:-1, max-image-preview:large, max-video-preview:-1\" \/>\n<link rel=\"canonical\" href=\"https:\/\/www.aceguarulhos.com.br\/blog\/feriados-prejudicam-mais-uma-vez-as-vendas-do-varejo\/\" \/>\n<meta property=\"og:locale\" content=\"pt_BR\" \/>\n<meta property=\"og:type\" content=\"article\" \/>\n<meta property=\"og:title\" content=\"Feriados prejudicam mais uma vez as vendas do varejo - ACE-Guarulhos\" \/>\n<meta property=\"og:description\" content=\"O calend\u00e1rio afetou novamente o com\u00e9rcio. Assim, como no m\u00eas de outubro, as vendas na primeira quinzena de novembro ficaram menores que no\" \/>\n<meta property=\"og:url\" content=\"https:\/\/www.aceguarulhos.com.br\/blog\/feriados-prejudicam-mais-uma-vez-as-vendas-do-varejo\/\" \/>\n<meta property=\"og:site_name\" content=\"ACE-Guarulhos\" \/>\n<meta property=\"article:publisher\" content=\"https:\/\/www.facebook.com\/aceguarulhos\/\" \/>\n<meta property=\"article:published_time\" content=\"2004-11-17T10:23:44+00:00\" \/>\n<meta name=\"author\" content=\"Assessoria de Imprensa ACE-Guarulhos\" \/>\n<meta name=\"twitter:card\" content=\"summary_large_image\" \/>\n<meta name=\"twitter:label1\" content=\"Escrito por\" \/>\n\t<meta name=\"twitter:data1\" content=\"Assessoria de Imprensa ACE-Guarulhos\" \/>\n\t<meta name=\"twitter:label2\" content=\"Est. tempo de leitura\" \/>\n\t<meta name=\"twitter:data2\" content=\"2 minutos\" \/>\n<script type=\"application\/ld+json\" class=\"yoast-schema-graph\">{\"@context\":\"https:\\\/\\\/schema.org\",\"@graph\":[{\"@type\":\"Article\",\"@id\":\"https:\\\/\\\/www.aceguarulhos.com.br\\\/blog\\\/feriados-prejudicam-mais-uma-vez-as-vendas-do-varejo\\\/#article\",\"isPartOf\":{\"@id\":\"https:\\\/\\\/www.aceguarulhos.com.br\\\/blog\\\/feriados-prejudicam-mais-uma-vez-as-vendas-do-varejo\\\/\"},\"author\":{\"name\":\"Assessoria de Imprensa ACE-Guarulhos\",\"@id\":\"https:\\\/\\\/www.aceguarulhos.com.br\\\/blog\\\/#\\\/schema\\\/person\\\/6983b51bad37489989e4f09698c26237\"},\"headline\":\"Feriados prejudicam mais uma vez as vendas do varejo\",\"datePublished\":\"2004-11-17T10:23:44+00:00\",\"mainEntityOfPage\":{\"@id\":\"https:\\\/\\\/www.aceguarulhos.com.br\\\/blog\\\/feriados-prejudicam-mais-uma-vez-as-vendas-do-varejo\\\/\"},\"wordCount\":344,\"commentCount\":0,\"publisher\":{\"@id\":\"https:\\\/\\\/www.aceguarulhos.com.br\\\/blog\\\/#organization\"},\"articleSection\":[\"Not\u00edcias\"],\"inLanguage\":\"pt-BR\"},{\"@type\":\"WebPage\",\"@id\":\"https:\\\/\\\/www.aceguarulhos.com.br\\\/blog\\\/feriados-prejudicam-mais-uma-vez-as-vendas-do-varejo\\\/\",\"url\":\"https:\\\/\\\/www.aceguarulhos.com.br\\\/blog\\\/feriados-prejudicam-mais-uma-vez-as-vendas-do-varejo\\\/\",\"name\":\"Feriados prejudicam mais uma vez as vendas do varejo - ACE-Guarulhos\",\"isPartOf\":{\"@id\":\"https:\\\/\\\/www.aceguarulhos.com.br\\\/blog\\\/#website\"},\"datePublished\":\"2004-11-17T10:23:44+00:00\",\"breadcrumb\":{\"@id\":\"https:\\\/\\\/www.aceguarulhos.com.br\\\/blog\\\/feriados-prejudicam-mais-uma-vez-as-vendas-do-varejo\\\/#breadcrumb\"},\"inLanguage\":\"pt-BR\",\"potentialAction\":[{\"@type\":\"ReadAction\",\"target\":[\"https:\\\/\\\/www.aceguarulhos.com.br\\\/blog\\\/feriados-prejudicam-mais-uma-vez-as-vendas-do-varejo\\\/\"]}]},{\"@type\":\"BreadcrumbList\",\"@id\":\"https:\\\/\\\/www.aceguarulhos.com.br\\\/blog\\\/feriados-prejudicam-mais-uma-vez-as-vendas-do-varejo\\\/#breadcrumb\",\"itemListElement\":[{\"@type\":\"ListItem\",\"position\":1,\"name\":\"In\u00edcio\",\"item\":\"https:\\\/\\\/www.aceguarulhos.com.br\\\/blog\\\/\"},{\"@type\":\"ListItem\",\"position\":2,\"name\":\"Feriados prejudicam mais uma vez as vendas do varejo\"}]},{\"@type\":\"WebSite\",\"@id\":\"https:\\\/\\\/www.aceguarulhos.com.br\\\/blog\\\/#website\",\"url\":\"https:\\\/\\\/www.aceguarulhos.com.br\\\/blog\\\/\",\"name\":\"ACE-Guarulhos\",\"description\":\"A ACE-Guarulhos \u00e9 uma associa\u00e7\u00e3o que ap\u00f3ia os empres\u00e1rios guarulhenses atrav\u00e9s da representa\u00e7\u00e3o, da gera\u00e7\u00e3o de neg\u00f3cios e presta\u00e7\u00e3o de servi\u00e7os.\",\"publisher\":{\"@id\":\"https:\\\/\\\/www.aceguarulhos.com.br\\\/blog\\\/#organization\"},\"potentialAction\":[{\"@type\":\"SearchAction\",\"target\":{\"@type\":\"EntryPoint\",\"urlTemplate\":\"https:\\\/\\\/www.aceguarulhos.com.br\\\/blog\\\/?s={search_term_string}\"},\"query-input\":{\"@type\":\"PropertyValueSpecification\",\"valueRequired\":true,\"valueName\":\"search_term_string\"}}],\"inLanguage\":\"pt-BR\"},{\"@type\":\"Organization\",\"@id\":\"https:\\\/\\\/www.aceguarulhos.com.br\\\/blog\\\/#organization\",\"name\":\"ACE-Guarulhos\",\"url\":\"https:\\\/\\\/www.aceguarulhos.com.br\\\/blog\\\/\",\"logo\":{\"@type\":\"ImageObject\",\"inLanguage\":\"pt-BR\",\"@id\":\"https:\\\/\\\/www.aceguarulhos.com.br\\\/blog\\\/#\\\/schema\\\/logo\\\/image\\\/\",\"url\":\"https:\\\/\\\/www.aceguarulhos.com.br\\\/blog\\\/wp-content\\\/uploads\\\/2017\\\/12\\\/logo-aceguarulhos-2018.png\",\"contentUrl\":\"https:\\\/\\\/www.aceguarulhos.com.br\\\/blog\\\/wp-content\\\/uploads\\\/2017\\\/12\\\/logo-aceguarulhos-2018.png\",\"width\":419,\"height\":76,\"caption\":\"ACE-Guarulhos\"},\"image\":{\"@id\":\"https:\\\/\\\/www.aceguarulhos.com.br\\\/blog\\\/#\\\/schema\\\/logo\\\/image\\\/\"},\"sameAs\":[\"https:\\\/\\\/www.facebook.com\\\/aceguarulhos\\\/\",\"https:\\\/\\\/br.linkedin.com\\\/in\\\/ace-guarulhos-b9a97093\",\"https:\\\/\\\/www.youtube.com\\\/user\\\/aceguarulhos\"]},{\"@type\":\"Person\",\"@id\":\"https:\\\/\\\/www.aceguarulhos.com.br\\\/blog\\\/#\\\/schema\\\/person\\\/6983b51bad37489989e4f09698c26237\",\"name\":\"Assessoria de Imprensa ACE-Guarulhos\",\"image\":{\"@type\":\"ImageObject\",\"inLanguage\":\"pt-BR\",\"@id\":\"https:\\\/\\\/secure.gravatar.com\\\/avatar\\\/707f3fadd6918afeb64173ab22d8a8cb0676953098a4f31ff36dc2b4c699ef6a?s=96&d=mm&r=g\",\"url\":\"https:\\\/\\\/secure.gravatar.com\\\/avatar\\\/707f3fadd6918afeb64173ab22d8a8cb0676953098a4f31ff36dc2b4c699ef6a?s=96&d=mm&r=g\",\"contentUrl\":\"https:\\\/\\\/secure.gravatar.com\\\/avatar\\\/707f3fadd6918afeb64173ab22d8a8cb0676953098a4f31ff36dc2b4c699ef6a?s=96&d=mm&r=g\",\"caption\":\"Assessoria de Imprensa ACE-Guarulhos\"},\"url\":\"https:\\\/\\\/www.aceguarulhos.com.br\\\/blog\\\/author\\\/assessoria-de-imprensa-ace-guarulhos\\\/\"}]}<\/script>\n<!-- \/ Yoast SEO plugin. -->","yoast_head_json":{"title":"Feriados prejudicam mais uma vez as vendas do varejo - ACE-Guarulhos","robots":{"index":"index","follow":"follow","max-snippet":"max-snippet:-1","max-image-preview":"max-image-preview:large","max-video-preview":"max-video-preview:-1"},"canonical":"https:\/\/www.aceguarulhos.com.br\/blog\/feriados-prejudicam-mais-uma-vez-as-vendas-do-varejo\/","og_locale":"pt_BR","og_type":"article","og_title":"Feriados prejudicam mais uma vez as vendas do varejo - ACE-Guarulhos","og_description":"O calend\u00e1rio afetou novamente o com\u00e9rcio. Assim, como no m\u00eas de outubro, as vendas na primeira quinzena de novembro ficaram menores que no","og_url":"https:\/\/www.aceguarulhos.com.br\/blog\/feriados-prejudicam-mais-uma-vez-as-vendas-do-varejo\/","og_site_name":"ACE-Guarulhos","article_publisher":"https:\/\/www.facebook.com\/aceguarulhos\/","article_published_time":"2004-11-17T10:23:44+00:00","author":"Assessoria de Imprensa ACE-Guarulhos","twitter_card":"summary_large_image","twitter_misc":{"Escrito por":"Assessoria de Imprensa ACE-Guarulhos","Est. tempo de leitura":"2 minutos"},"schema":{"@context":"https:\/\/schema.org","@graph":[{"@type":"Article","@id":"https:\/\/www.aceguarulhos.com.br\/blog\/feriados-prejudicam-mais-uma-vez-as-vendas-do-varejo\/#article","isPartOf":{"@id":"https:\/\/www.aceguarulhos.com.br\/blog\/feriados-prejudicam-mais-uma-vez-as-vendas-do-varejo\/"},"author":{"name":"Assessoria de Imprensa ACE-Guarulhos","@id":"https:\/\/www.aceguarulhos.com.br\/blog\/#\/schema\/person\/6983b51bad37489989e4f09698c26237"},"headline":"Feriados prejudicam mais uma vez as vendas do varejo","datePublished":"2004-11-17T10:23:44+00:00","mainEntityOfPage":{"@id":"https:\/\/www.aceguarulhos.com.br\/blog\/feriados-prejudicam-mais-uma-vez-as-vendas-do-varejo\/"},"wordCount":344,"commentCount":0,"publisher":{"@id":"https:\/\/www.aceguarulhos.com.br\/blog\/#organization"},"articleSection":["Not\u00edcias"],"inLanguage":"pt-BR"},{"@type":"WebPage","@id":"https:\/\/www.aceguarulhos.com.br\/blog\/feriados-prejudicam-mais-uma-vez-as-vendas-do-varejo\/","url":"https:\/\/www.aceguarulhos.com.br\/blog\/feriados-prejudicam-mais-uma-vez-as-vendas-do-varejo\/","name":"Feriados prejudicam mais uma vez as vendas do varejo - ACE-Guarulhos","isPartOf":{"@id":"https:\/\/www.aceguarulhos.com.br\/blog\/#website"},"datePublished":"2004-11-17T10:23:44+00:00","breadcrumb":{"@id":"https:\/\/www.aceguarulhos.com.br\/blog\/feriados-prejudicam-mais-uma-vez-as-vendas-do-varejo\/#breadcrumb"},"inLanguage":"pt-BR","potentialAction":[{"@type":"ReadAction","target":["https:\/\/www.aceguarulhos.com.br\/blog\/feriados-prejudicam-mais-uma-vez-as-vendas-do-varejo\/"]}]},{"@type":"BreadcrumbList","@id":"https:\/\/www.aceguarulhos.com.br\/blog\/feriados-prejudicam-mais-uma-vez-as-vendas-do-varejo\/#breadcrumb","itemListElement":[{"@type":"ListItem","position":1,"name":"In\u00edcio","item":"https:\/\/www.aceguarulhos.com.br\/blog\/"},{"@type":"ListItem","position":2,"name":"Feriados prejudicam mais uma vez as vendas do varejo"}]},{"@type":"WebSite","@id":"https:\/\/www.aceguarulhos.com.br\/blog\/#website","url":"https:\/\/www.aceguarulhos.com.br\/blog\/","name":"ACE-Guarulhos","description":"A ACE-Guarulhos \u00e9 uma associa\u00e7\u00e3o que ap\u00f3ia os empres\u00e1rios guarulhenses atrav\u00e9s da representa\u00e7\u00e3o, da gera\u00e7\u00e3o de neg\u00f3cios e presta\u00e7\u00e3o de servi\u00e7os.","publisher":{"@id":"https:\/\/www.aceguarulhos.com.br\/blog\/#organization"},"potentialAction":[{"@type":"SearchAction","target":{"@type":"EntryPoint","urlTemplate":"https:\/\/www.aceguarulhos.com.br\/blog\/?s={search_term_string}"},"query-input":{"@type":"PropertyValueSpecification","valueRequired":true,"valueName":"search_term_string"}}],"inLanguage":"pt-BR"},{"@type":"Organization","@id":"https:\/\/www.aceguarulhos.com.br\/blog\/#organization","name":"ACE-Guarulhos","url":"https:\/\/www.aceguarulhos.com.br\/blog\/","logo":{"@type":"ImageObject","inLanguage":"pt-BR","@id":"https:\/\/www.aceguarulhos.com.br\/blog\/#\/schema\/logo\/image\/","url":"https:\/\/www.aceguarulhos.com.br\/blog\/wp-content\/uploads\/2017\/12\/logo-aceguarulhos-2018.png","contentUrl":"https:\/\/www.aceguarulhos.com.br\/blog\/wp-content\/uploads\/2017\/12\/logo-aceguarulhos-2018.png","width":419,"height":76,"caption":"ACE-Guarulhos"},"image":{"@id":"https:\/\/www.aceguarulhos.com.br\/blog\/#\/schema\/logo\/image\/"},"sameAs":["https:\/\/www.facebook.com\/aceguarulhos\/","https:\/\/br.linkedin.com\/in\/ace-guarulhos-b9a97093","https:\/\/www.youtube.com\/user\/aceguarulhos"]},{"@type":"Person","@id":"https:\/\/www.aceguarulhos.com.br\/blog\/#\/schema\/person\/6983b51bad37489989e4f09698c26237","name":"Assessoria de Imprensa ACE-Guarulhos","image":{"@type":"ImageObject","inLanguage":"pt-BR","@id":"https:\/\/secure.gravatar.com\/avatar\/707f3fadd6918afeb64173ab22d8a8cb0676953098a4f31ff36dc2b4c699ef6a?s=96&d=mm&r=g","url":"https:\/\/secure.gravatar.com\/avatar\/707f3fadd6918afeb64173ab22d8a8cb0676953098a4f31ff36dc2b4c699ef6a?s=96&d=mm&r=g","contentUrl":"https:\/\/secure.gravatar.com\/avatar\/707f3fadd6918afeb64173ab22d8a8cb0676953098a4f31ff36dc2b4c699ef6a?s=96&d=mm&r=g","caption":"Assessoria de Imprensa ACE-Guarulhos"},"url":"https:\/\/www.aceguarulhos.com.br\/blog\/author\/assessoria-de-imprensa-ace-guarulhos\/"}]}},"wps_subtitle":"","amp_enabled":true,"_links":{"self":[{"href":"https:\/\/www.aceguarulhos.com.br\/blog\/wp-json\/wp\/v2\/posts\/28842","targetHints":{"allow":["GET"]}}],"collection":[{"href":"https:\/\/www.aceguarulhos.com.br\/blog\/wp-json\/wp\/v2\/posts"}],"about":[{"href":"https:\/\/www.aceguarulhos.com.br\/blog\/wp-json\/wp\/v2\/types\/post"}],"author":[{"embeddable":true,"href":"https:\/\/www.aceguarulhos.com.br\/blog\/wp-json\/wp\/v2\/users\/8"}],"replies":[{"embeddable":true,"href":"https:\/\/www.aceguarulhos.com.br\/blog\/wp-json\/wp\/v2\/comments?post=28842"}],"version-history":[{"count":0,"href":"https:\/\/www.aceguarulhos.com.br\/blog\/wp-json\/wp\/v2\/posts\/28842\/revisions"}],"wp:attachment":[{"href":"https:\/\/www.aceguarulhos.com.br\/blog\/wp-json\/wp\/v2\/media?parent=28842"}],"wp:term":[{"taxonomy":"category","embeddable":true,"href":"https:\/\/www.aceguarulhos.com.br\/blog\/wp-json\/wp\/v2\/categories?post=28842"},{"taxonomy":"post_tag","embeddable":true,"href":"https:\/\/www.aceguarulhos.com.br\/blog\/wp-json\/wp\/v2\/tags?post=28842"}],"curies":[{"name":"wp","href":"https:\/\/api.w.org\/{rel}","templated":true}]}}