{"id":28821,"date":"2004-11-11T07:55:04","date_gmt":"2004-11-11T07:55:04","guid":{"rendered":"http:\/\/www.aceguarulhos.com.br\/blog\/?p=28821"},"modified":"-0001-11-30T00:00:00","modified_gmt":"-0001-11-30T03:00:00","slug":"governo-estadual-pode-parcelar-icms-de-dezembro","status":"publish","type":"post","link":"https:\/\/www.aceguarulhos.com.br\/blog\/governo-estadual-pode-parcelar-icms-de-dezembro\/","title":{"rendered":"Governo estadual pode parcelar ICMS de dezembro"},"content":{"rendered":"<p><P>Aten\u00e7\u00e3o! Uma boa not\u00edcia para o varejo. O governador de S\u00e3o Paulo, Geraldo Alckmin (PSDB), anunciou que poder\u00e1 atender um pleito feito por Guilherme Afif Domingos, presidente da Federa\u00e7\u00e3o das Associa\u00e7\u00f5es Comerciais do Estado de S\u00e3o Paulo (Facesp) e Associa\u00e7\u00e3o Comercial de S\u00e3o Paulo (ACSP) de parcelar o pagamento do Imposto sobre Circula\u00e7\u00e3o de Mercadorias e Servi\u00e7os (ICMS) de dezembro, como forma de ajudar o com\u00e9rcio a ampliar seus prazos no credi\u00e1rio e vender mais neste final de ano. <BR>&#8220;Estamos estudando o pedido, pois ele pode ajudar muito o varejo neste momento&#8221;, afirmou Alckmin, durante palestra no 5\u00ba Congresso Estadual da Facesp, que terminou nesta quarta-feira, 10, na cidade de Campos de Jord\u00e3o, interior de S\u00e3o Paulo. <\/P><P>A solicita\u00e7\u00e3o de Afif foi elaborada na Comiss\u00e3o de Varejo da ACSP e enviada ao governador no dia 22 de outubro passado. Nela, a Facesp e ACSP sugerem a Alckmin o parcelamento do ICMS de dezembro em seis vezes consecutivas, a partir do m\u00eas de janeiro de 2005. E que, para compatibilizar as datas de recolhimento do tributo, o prazo passe a ser de 50 dias, &#8220;o que daria um f\u00f4lego ao varejo&#8221;. <\/P><P>Guilherme Afif explicou: &#8220;O com\u00e9rcio \u00e9 obrigado a comprar antes de dezembro para abastecer seus estoques para o Natal, o que faz com que seus cr\u00e9ditos sejam reduzidos, aumentando o montante do imposto a recolher sobre o faturamento no final do ano&#8221;. <\/P><P><STRONG>Argumentos <\/STRONG>&#8211; As entidades argumentam que algumas al\u00edquotas foram reduzidas para a ind\u00fastria. E que isso gerou menos cr\u00e9dito para o com\u00e9rcio, acarretando &#8220;fortes aumentos do ICMS para o setor, que n\u00e3o s\u00e3o poss\u00edveis de serem repassados ao consumidor, tendo em vista o achatamento de sua renda verificado nos \u00faltimos anos&#8221;. <\/P><P>O of\u00edcio afirma que entende as raz\u00f5es do governo em reduzir algumas al\u00edquotas do ICMS devido \u00e0 &#8220;guerra fiscal&#8221;, que tem causado danos para a economia paulista. Mas observa que apesar de uma melhora nas vendas, elas ainda est\u00e3o em patamares inferiores a 2003, &#8220;e t\u00eam suas perspectivas para o final de 2004 e para 2005 amea\u00e7adas pela eleva\u00e7\u00e3o dos juros, o que representa o risco de uma revers\u00e3o do quadro de recupera\u00e7\u00e3o&#8221;. <\/P><P>O documento diz ainda ao governador que os empres\u00e1rios reunidos na Facesp e ACSP decidiram fazer um apelo para extens\u00e3o da redu\u00e7\u00e3o das al\u00edquotas do ICMS para toda a cadeia de comercializa\u00e7\u00e3o e sugerem a ado\u00e7\u00e3o do parcelamento para &#8220;aliviar&#8221; o impacto da redu\u00e7\u00e3o das al\u00edquotas para a ind\u00fastria. <\/P><P>No documento, as entidades argumentam que o ICMS \u00e9 um tributo que pesa muito no faturamento do varejo, pois exerce forte press\u00e3o no capital de giro das empresas, &#8220;obrigando muitas delas a recorrerem ao cr\u00e9dito banc\u00e1rio para cumprir sua obriga\u00e7\u00e3o fiscal, o que eleva seus custos&#8221;. O texto lembra que muitas das vendas deste per\u00edodo s\u00e3o feitas a prazo e n\u00e3o geram recursos financeiros imediatos. <\/P><P>O presidente Guilherme Afif Domingos lembrou que a ado\u00e7\u00e3o dessas medidas &#8220;permitiria que o varejo alongasse seus prazos de venda, beneficiando o consumidor e a economia como um todo&#8221;. Al\u00e9m de mais dif\u00edceis no final do ano, os empr\u00e9stimos banc\u00e1rios para capital de giro ficaram mais caros com a alta dos juros. <\/P><P>Segundo a Secretaria da Fazenda do Estado de S\u00e3o Paulo, a proposta da ACSP est\u00e1, neste momento, sendo analisada pelo secret\u00e1rio Eduardo Refinetti Guardia. <\/P><P><STRONG>Sergio Leopoldo Rodrigues<\/STRONG><\/P><\/p>\n","protected":false},"excerpt":{"rendered":"Aten\u00e7\u00e3o! Uma boa not\u00edcia para o varejo. O governador de S\u00e3o Paulo, Geraldo Alckmin (PSDB), anunciou que poder\u00e1 atender um pleito feito por \n<a class=\"moretag\" href=\"https:\/\/www.aceguarulhos.com.br\/blog\/governo-estadual-pode-parcelar-icms-de-dezembro\/\"> [...]<\/a>","protected":false},"author":8,"featured_media":0,"comment_status":"open","ping_status":"open","sticky":false,"template":"","format":"standard","meta":{"footnotes":""},"categories":[2],"tags":[],"class_list":["post-28821","post","type-post","status-publish","format-standard","hentry","category-noticias"],"yoast_head":"<!-- This site is optimized with the Yoast SEO plugin v28.1 - https:\/\/yoast.com\/product\/yoast-seo-wordpress\/ -->\n<title>Governo estadual pode parcelar ICMS de dezembro - ACE-Guarulhos<\/title>\n<meta name=\"robots\" content=\"index, follow, max-snippet:-1, max-image-preview:large, max-video-preview:-1\" \/>\n<link rel=\"canonical\" href=\"https:\/\/www.aceguarulhos.com.br\/blog\/governo-estadual-pode-parcelar-icms-de-dezembro\/\" \/>\n<meta property=\"og:locale\" content=\"pt_BR\" \/>\n<meta property=\"og:type\" content=\"article\" \/>\n<meta property=\"og:title\" content=\"Governo estadual pode parcelar ICMS de dezembro - ACE-Guarulhos\" \/>\n<meta property=\"og:description\" content=\"Aten\u00e7\u00e3o! Uma boa not\u00edcia para o varejo. O governador de S\u00e3o Paulo, Geraldo Alckmin (PSDB), anunciou que poder\u00e1 atender um pleito feito por\" \/>\n<meta property=\"og:url\" content=\"https:\/\/www.aceguarulhos.com.br\/blog\/governo-estadual-pode-parcelar-icms-de-dezembro\/\" \/>\n<meta property=\"og:site_name\" content=\"ACE-Guarulhos\" \/>\n<meta property=\"article:publisher\" content=\"https:\/\/www.facebook.com\/aceguarulhos\/\" \/>\n<meta property=\"article:published_time\" content=\"2004-11-11T07:55:04+00:00\" \/>\n<meta name=\"author\" content=\"Assessoria de Imprensa ACE-Guarulhos\" \/>\n<meta name=\"twitter:card\" content=\"summary_large_image\" \/>\n<meta name=\"twitter:label1\" content=\"Escrito por\" \/>\n\t<meta name=\"twitter:data1\" content=\"Assessoria de Imprensa ACE-Guarulhos\" \/>\n\t<meta name=\"twitter:label2\" content=\"Est. tempo de leitura\" \/>\n\t<meta name=\"twitter:data2\" content=\"3 minutos\" \/>\n<script type=\"application\/ld+json\" class=\"yoast-schema-graph\">{\"@context\":\"https:\\\/\\\/schema.org\",\"@graph\":[{\"@type\":\"Article\",\"@id\":\"https:\\\/\\\/www.aceguarulhos.com.br\\\/blog\\\/governo-estadual-pode-parcelar-icms-de-dezembro\\\/#article\",\"isPartOf\":{\"@id\":\"https:\\\/\\\/www.aceguarulhos.com.br\\\/blog\\\/governo-estadual-pode-parcelar-icms-de-dezembro\\\/\"},\"author\":{\"name\":\"Assessoria de Imprensa ACE-Guarulhos\",\"@id\":\"https:\\\/\\\/www.aceguarulhos.com.br\\\/blog\\\/#\\\/schema\\\/person\\\/6983b51bad37489989e4f09698c26237\"},\"headline\":\"Governo estadual pode parcelar ICMS de dezembro\",\"datePublished\":\"2004-11-11T07:55:04+00:00\",\"mainEntityOfPage\":{\"@id\":\"https:\\\/\\\/www.aceguarulhos.com.br\\\/blog\\\/governo-estadual-pode-parcelar-icms-de-dezembro\\\/\"},\"wordCount\":604,\"commentCount\":0,\"publisher\":{\"@id\":\"https:\\\/\\\/www.aceguarulhos.com.br\\\/blog\\\/#organization\"},\"articleSection\":[\"Not\u00edcias\"],\"inLanguage\":\"pt-BR\"},{\"@type\":\"WebPage\",\"@id\":\"https:\\\/\\\/www.aceguarulhos.com.br\\\/blog\\\/governo-estadual-pode-parcelar-icms-de-dezembro\\\/\",\"url\":\"https:\\\/\\\/www.aceguarulhos.com.br\\\/blog\\\/governo-estadual-pode-parcelar-icms-de-dezembro\\\/\",\"name\":\"Governo estadual pode parcelar ICMS de dezembro - ACE-Guarulhos\",\"isPartOf\":{\"@id\":\"https:\\\/\\\/www.aceguarulhos.com.br\\\/blog\\\/#website\"},\"datePublished\":\"2004-11-11T07:55:04+00:00\",\"breadcrumb\":{\"@id\":\"https:\\\/\\\/www.aceguarulhos.com.br\\\/blog\\\/governo-estadual-pode-parcelar-icms-de-dezembro\\\/#breadcrumb\"},\"inLanguage\":\"pt-BR\",\"potentialAction\":[{\"@type\":\"ReadAction\",\"target\":[\"https:\\\/\\\/www.aceguarulhos.com.br\\\/blog\\\/governo-estadual-pode-parcelar-icms-de-dezembro\\\/\"]}]},{\"@type\":\"BreadcrumbList\",\"@id\":\"https:\\\/\\\/www.aceguarulhos.com.br\\\/blog\\\/governo-estadual-pode-parcelar-icms-de-dezembro\\\/#breadcrumb\",\"itemListElement\":[{\"@type\":\"ListItem\",\"position\":1,\"name\":\"In\u00edcio\",\"item\":\"https:\\\/\\\/www.aceguarulhos.com.br\\\/blog\\\/\"},{\"@type\":\"ListItem\",\"position\":2,\"name\":\"Governo estadual pode parcelar ICMS de dezembro\"}]},{\"@type\":\"WebSite\",\"@id\":\"https:\\\/\\\/www.aceguarulhos.com.br\\\/blog\\\/#website\",\"url\":\"https:\\\/\\\/www.aceguarulhos.com.br\\\/blog\\\/\",\"name\":\"ACE-Guarulhos\",\"description\":\"A ACE-Guarulhos \u00e9 uma associa\u00e7\u00e3o que ap\u00f3ia os empres\u00e1rios guarulhenses atrav\u00e9s da representa\u00e7\u00e3o, da gera\u00e7\u00e3o de neg\u00f3cios e presta\u00e7\u00e3o de servi\u00e7os.\",\"publisher\":{\"@id\":\"https:\\\/\\\/www.aceguarulhos.com.br\\\/blog\\\/#organization\"},\"potentialAction\":[{\"@type\":\"SearchAction\",\"target\":{\"@type\":\"EntryPoint\",\"urlTemplate\":\"https:\\\/\\\/www.aceguarulhos.com.br\\\/blog\\\/?s={search_term_string}\"},\"query-input\":{\"@type\":\"PropertyValueSpecification\",\"valueRequired\":true,\"valueName\":\"search_term_string\"}}],\"inLanguage\":\"pt-BR\"},{\"@type\":\"Organization\",\"@id\":\"https:\\\/\\\/www.aceguarulhos.com.br\\\/blog\\\/#organization\",\"name\":\"ACE-Guarulhos\",\"url\":\"https:\\\/\\\/www.aceguarulhos.com.br\\\/blog\\\/\",\"logo\":{\"@type\":\"ImageObject\",\"inLanguage\":\"pt-BR\",\"@id\":\"https:\\\/\\\/www.aceguarulhos.com.br\\\/blog\\\/#\\\/schema\\\/logo\\\/image\\\/\",\"url\":\"https:\\\/\\\/www.aceguarulhos.com.br\\\/blog\\\/wp-content\\\/uploads\\\/2017\\\/12\\\/logo-aceguarulhos-2018.png\",\"contentUrl\":\"https:\\\/\\\/www.aceguarulhos.com.br\\\/blog\\\/wp-content\\\/uploads\\\/2017\\\/12\\\/logo-aceguarulhos-2018.png\",\"width\":419,\"height\":76,\"caption\":\"ACE-Guarulhos\"},\"image\":{\"@id\":\"https:\\\/\\\/www.aceguarulhos.com.br\\\/blog\\\/#\\\/schema\\\/logo\\\/image\\\/\"},\"sameAs\":[\"https:\\\/\\\/www.facebook.com\\\/aceguarulhos\\\/\",\"https:\\\/\\\/br.linkedin.com\\\/in\\\/ace-guarulhos-b9a97093\",\"https:\\\/\\\/www.youtube.com\\\/user\\\/aceguarulhos\"]},{\"@type\":\"Person\",\"@id\":\"https:\\\/\\\/www.aceguarulhos.com.br\\\/blog\\\/#\\\/schema\\\/person\\\/6983b51bad37489989e4f09698c26237\",\"name\":\"Assessoria de Imprensa ACE-Guarulhos\",\"image\":{\"@type\":\"ImageObject\",\"inLanguage\":\"pt-BR\",\"@id\":\"https:\\\/\\\/secure.gravatar.com\\\/avatar\\\/707f3fadd6918afeb64173ab22d8a8cb0676953098a4f31ff36dc2b4c699ef6a?s=96&d=mm&r=g\",\"url\":\"https:\\\/\\\/secure.gravatar.com\\\/avatar\\\/707f3fadd6918afeb64173ab22d8a8cb0676953098a4f31ff36dc2b4c699ef6a?s=96&d=mm&r=g\",\"contentUrl\":\"https:\\\/\\\/secure.gravatar.com\\\/avatar\\\/707f3fadd6918afeb64173ab22d8a8cb0676953098a4f31ff36dc2b4c699ef6a?s=96&d=mm&r=g\",\"caption\":\"Assessoria de Imprensa ACE-Guarulhos\"},\"url\":\"https:\\\/\\\/www.aceguarulhos.com.br\\\/blog\\\/author\\\/assessoria-de-imprensa-ace-guarulhos\\\/\"}]}<\/script>\n<!-- \/ Yoast SEO plugin. -->","yoast_head_json":{"title":"Governo estadual pode parcelar ICMS de dezembro - ACE-Guarulhos","robots":{"index":"index","follow":"follow","max-snippet":"max-snippet:-1","max-image-preview":"max-image-preview:large","max-video-preview":"max-video-preview:-1"},"canonical":"https:\/\/www.aceguarulhos.com.br\/blog\/governo-estadual-pode-parcelar-icms-de-dezembro\/","og_locale":"pt_BR","og_type":"article","og_title":"Governo estadual pode parcelar ICMS de dezembro - ACE-Guarulhos","og_description":"Aten\u00e7\u00e3o! Uma boa not\u00edcia para o varejo. O governador de S\u00e3o Paulo, Geraldo Alckmin (PSDB), anunciou que poder\u00e1 atender um pleito feito por","og_url":"https:\/\/www.aceguarulhos.com.br\/blog\/governo-estadual-pode-parcelar-icms-de-dezembro\/","og_site_name":"ACE-Guarulhos","article_publisher":"https:\/\/www.facebook.com\/aceguarulhos\/","article_published_time":"2004-11-11T07:55:04+00:00","author":"Assessoria de Imprensa ACE-Guarulhos","twitter_card":"summary_large_image","twitter_misc":{"Escrito por":"Assessoria de Imprensa ACE-Guarulhos","Est. tempo de leitura":"3 minutos"},"schema":{"@context":"https:\/\/schema.org","@graph":[{"@type":"Article","@id":"https:\/\/www.aceguarulhos.com.br\/blog\/governo-estadual-pode-parcelar-icms-de-dezembro\/#article","isPartOf":{"@id":"https:\/\/www.aceguarulhos.com.br\/blog\/governo-estadual-pode-parcelar-icms-de-dezembro\/"},"author":{"name":"Assessoria de Imprensa ACE-Guarulhos","@id":"https:\/\/www.aceguarulhos.com.br\/blog\/#\/schema\/person\/6983b51bad37489989e4f09698c26237"},"headline":"Governo estadual pode parcelar ICMS de dezembro","datePublished":"2004-11-11T07:55:04+00:00","mainEntityOfPage":{"@id":"https:\/\/www.aceguarulhos.com.br\/blog\/governo-estadual-pode-parcelar-icms-de-dezembro\/"},"wordCount":604,"commentCount":0,"publisher":{"@id":"https:\/\/www.aceguarulhos.com.br\/blog\/#organization"},"articleSection":["Not\u00edcias"],"inLanguage":"pt-BR"},{"@type":"WebPage","@id":"https:\/\/www.aceguarulhos.com.br\/blog\/governo-estadual-pode-parcelar-icms-de-dezembro\/","url":"https:\/\/www.aceguarulhos.com.br\/blog\/governo-estadual-pode-parcelar-icms-de-dezembro\/","name":"Governo estadual pode parcelar ICMS de dezembro - ACE-Guarulhos","isPartOf":{"@id":"https:\/\/www.aceguarulhos.com.br\/blog\/#website"},"datePublished":"2004-11-11T07:55:04+00:00","breadcrumb":{"@id":"https:\/\/www.aceguarulhos.com.br\/blog\/governo-estadual-pode-parcelar-icms-de-dezembro\/#breadcrumb"},"inLanguage":"pt-BR","potentialAction":[{"@type":"ReadAction","target":["https:\/\/www.aceguarulhos.com.br\/blog\/governo-estadual-pode-parcelar-icms-de-dezembro\/"]}]},{"@type":"BreadcrumbList","@id":"https:\/\/www.aceguarulhos.com.br\/blog\/governo-estadual-pode-parcelar-icms-de-dezembro\/#breadcrumb","itemListElement":[{"@type":"ListItem","position":1,"name":"In\u00edcio","item":"https:\/\/www.aceguarulhos.com.br\/blog\/"},{"@type":"ListItem","position":2,"name":"Governo estadual pode parcelar ICMS de dezembro"}]},{"@type":"WebSite","@id":"https:\/\/www.aceguarulhos.com.br\/blog\/#website","url":"https:\/\/www.aceguarulhos.com.br\/blog\/","name":"ACE-Guarulhos","description":"A ACE-Guarulhos \u00e9 uma associa\u00e7\u00e3o que ap\u00f3ia os empres\u00e1rios guarulhenses atrav\u00e9s da representa\u00e7\u00e3o, da gera\u00e7\u00e3o de neg\u00f3cios e presta\u00e7\u00e3o de servi\u00e7os.","publisher":{"@id":"https:\/\/www.aceguarulhos.com.br\/blog\/#organization"},"potentialAction":[{"@type":"SearchAction","target":{"@type":"EntryPoint","urlTemplate":"https:\/\/www.aceguarulhos.com.br\/blog\/?s={search_term_string}"},"query-input":{"@type":"PropertyValueSpecification","valueRequired":true,"valueName":"search_term_string"}}],"inLanguage":"pt-BR"},{"@type":"Organization","@id":"https:\/\/www.aceguarulhos.com.br\/blog\/#organization","name":"ACE-Guarulhos","url":"https:\/\/www.aceguarulhos.com.br\/blog\/","logo":{"@type":"ImageObject","inLanguage":"pt-BR","@id":"https:\/\/www.aceguarulhos.com.br\/blog\/#\/schema\/logo\/image\/","url":"https:\/\/www.aceguarulhos.com.br\/blog\/wp-content\/uploads\/2017\/12\/logo-aceguarulhos-2018.png","contentUrl":"https:\/\/www.aceguarulhos.com.br\/blog\/wp-content\/uploads\/2017\/12\/logo-aceguarulhos-2018.png","width":419,"height":76,"caption":"ACE-Guarulhos"},"image":{"@id":"https:\/\/www.aceguarulhos.com.br\/blog\/#\/schema\/logo\/image\/"},"sameAs":["https:\/\/www.facebook.com\/aceguarulhos\/","https:\/\/br.linkedin.com\/in\/ace-guarulhos-b9a97093","https:\/\/www.youtube.com\/user\/aceguarulhos"]},{"@type":"Person","@id":"https:\/\/www.aceguarulhos.com.br\/blog\/#\/schema\/person\/6983b51bad37489989e4f09698c26237","name":"Assessoria de Imprensa ACE-Guarulhos","image":{"@type":"ImageObject","inLanguage":"pt-BR","@id":"https:\/\/secure.gravatar.com\/avatar\/707f3fadd6918afeb64173ab22d8a8cb0676953098a4f31ff36dc2b4c699ef6a?s=96&d=mm&r=g","url":"https:\/\/secure.gravatar.com\/avatar\/707f3fadd6918afeb64173ab22d8a8cb0676953098a4f31ff36dc2b4c699ef6a?s=96&d=mm&r=g","contentUrl":"https:\/\/secure.gravatar.com\/avatar\/707f3fadd6918afeb64173ab22d8a8cb0676953098a4f31ff36dc2b4c699ef6a?s=96&d=mm&r=g","caption":"Assessoria de Imprensa ACE-Guarulhos"},"url":"https:\/\/www.aceguarulhos.com.br\/blog\/author\/assessoria-de-imprensa-ace-guarulhos\/"}]}},"wps_subtitle":"","amp_enabled":true,"_links":{"self":[{"href":"https:\/\/www.aceguarulhos.com.br\/blog\/wp-json\/wp\/v2\/posts\/28821","targetHints":{"allow":["GET"]}}],"collection":[{"href":"https:\/\/www.aceguarulhos.com.br\/blog\/wp-json\/wp\/v2\/posts"}],"about":[{"href":"https:\/\/www.aceguarulhos.com.br\/blog\/wp-json\/wp\/v2\/types\/post"}],"author":[{"embeddable":true,"href":"https:\/\/www.aceguarulhos.com.br\/blog\/wp-json\/wp\/v2\/users\/8"}],"replies":[{"embeddable":true,"href":"https:\/\/www.aceguarulhos.com.br\/blog\/wp-json\/wp\/v2\/comments?post=28821"}],"version-history":[{"count":0,"href":"https:\/\/www.aceguarulhos.com.br\/blog\/wp-json\/wp\/v2\/posts\/28821\/revisions"}],"wp:attachment":[{"href":"https:\/\/www.aceguarulhos.com.br\/blog\/wp-json\/wp\/v2\/media?parent=28821"}],"wp:term":[{"taxonomy":"category","embeddable":true,"href":"https:\/\/www.aceguarulhos.com.br\/blog\/wp-json\/wp\/v2\/categories?post=28821"},{"taxonomy":"post_tag","embeddable":true,"href":"https:\/\/www.aceguarulhos.com.br\/blog\/wp-json\/wp\/v2\/tags?post=28821"}],"curies":[{"name":"wp","href":"https:\/\/api.w.org\/{rel}","templated":true}]}}