{"id":28741,"date":"2004-10-15T16:13:26","date_gmt":"2004-10-15T16:13:26","guid":{"rendered":"http:\/\/www.aceguarulhos.com.br\/blog\/?p=28741"},"modified":"-0001-11-30T00:00:00","modified_gmt":"-0001-11-30T03:00:00","slug":"readequa%c3%a7%c3%a3o-vi%c3%a1ria-provoca-mudan%c3%a7as-no-tr%c3%a2nsito-de-cumbica","status":"publish","type":"post","link":"https:\/\/www.aceguarulhos.com.br\/blog\/readequa%c3%a7%c3%a3o-vi%c3%a1ria-provoca-mudan%c3%a7as-no-tr%c3%a2nsito-de-cumbica\/","title":{"rendered":"Readequa\u00e7\u00e3o vi\u00e1ria provoca mudan\u00e7as no tr\u00e2nsito de Cumbica"},"content":{"rendered":"<p><P>A medida faz parte do projeto de readequa\u00e7\u00e3o vi\u00e1ria da regi\u00e3o, que tem por objetivo melhorar a fluidez do tr\u00e1fego e aumentar a seguran\u00e7a do pedestre.<\/P><P>Dentro dessa proposta, as cal\u00e7adas ficaram mais largas e, em alguns pontos, foram instalados sem\u00e1foros acionados por botoeira, para facilitar a travessia do pedestre. No tr\u00e2nsito, as principais mudan\u00e7as v\u00e3o ocorrer na avenida Santos Dumont, que passar\u00e1 a ser m\u00e3o dupla no trecho compreendido entre as ruas Holandesa e Cariri-A\u00e7u. As interven\u00e7\u00f5es tamb\u00e9m transformar\u00e3o em m\u00e3o \u00fanica as ruas Juazeiro do Norte (sentido Via Dutra), Cariri-A\u00e7u (na dire\u00e7\u00e3o centro-bairro) e parte da rua Jati, entre a rua Juazeiro do Norte at\u00e9 a avenida Santos Dumont. Neste ponto da via, o tr\u00e1fego seguir\u00e1 para a avenida Santos Dumont e rua Brigadeiro M\u00e1rio Perdig\u00e3o.<\/P><P>Ainda ter\u00e3o m\u00e3o \u00fanica a avenida Monteiro Lobato, no trecho que vai da rua M\u00e1rio Perdig\u00e3o at\u00e9 a rua Cariri-A\u00e7u; a rua Holandesa e a rua Jo\u00e3o Veloso da Silva, entre a rua Campos Sales e a avenida Monteiro Lobato (todas no sentido centro). J\u00e1 a rua Abaiara vai funcionar nas duas dire\u00e7\u00f5es.<\/P><P><STRONG>Transporte Coletivo<\/STRONG><\/P><P>Em raz\u00e3o das mudan\u00e7as no sistema vi\u00e1rio, as linhas de \u00f4nibus e de lota\u00e7\u00f5es vindas do Parque Cecap com destino \u00e0 avenida Papa Jo\u00e3o Paulo I (sentido centro-bairro) ter\u00e3o novo percurso a partir de s\u00e1bado (16). Em vez de sair da avenida Monteiro Lobato e entrar direto na rua Capit\u00e3o Walter Ribeiro (Estrada Guarulhos\/ Nazar\u00e9 Paulista), elas v\u00e3o pegar as ruas Cariri-A\u00e7u e Mazag\u00e3o, para depois trafegar pela Walter Ribeiro. Os pontos de parada dessas linhas tamb\u00e9m mudam para a rua Cariri-A\u00e7u (ao lado do banco Bradesco) e para a rua Mazag\u00e3o (em frente \u00e0 Par\u00f3quia Santa Terezinha).<\/P><P>Ainda sofrer\u00e3o altera\u00e7\u00e3o de itiner\u00e1rio as linhas que passam pela avenida Papa Jo\u00e3o I ou pelo Parque Cecap, com destino \u00e0 Cidade Sat\u00e9lite Cumbica (sentido centro-bairro). Antes de entrar na avenida Santos Dumont, elas ir\u00e3o circular pelas ruas Juazeiro do Norte e Jati. No caso dos coletivos vindos do Cecap, eles acessar\u00e3o primeiro a rua Cariri- A\u00e7u. Os novos pontos de parada dessas linhas ser\u00e3o na rua Juazeiro do Norte. O primeiro ficar\u00e1 entre a rua V\u00e1rzea Grande e rua Abaiara e, o outro, nas proximidades da rua Jati. No sentido bairro-centro, n\u00e3o haver\u00e1 altera\u00e7\u00e3o no percurso do transporte coletivo.<\/P><P><STRONG>T\u00e1xi<\/STRONG><\/P><P>O projeto de readequa\u00e7\u00e3o vi\u00e1ria de Cumbica prev\u00ea ainda a mudan\u00e7a do ponto de t\u00e1xi n\u00famero 24, localizado atualmente na rua Mazag\u00e3o, pr\u00f3ximo \u00e0 avenida Monteiro Lobato. Ele ser\u00e1 remanejado para a mesma via p\u00fablica e passar\u00e1 a operar na lateral da pra\u00e7a da Par\u00f3quia Santa Terezinha. Segundo informa\u00e7\u00f5es da Secretaria de Transportes e Tr\u00e2nsito, ser\u00e1 permitido o estacionamento dos t\u00e1xis tamb\u00e9m no local onde funciona o ponto atualmente, no per\u00edodo noturno e na madrugada (das 20 \u00e0s 5 horas).<\/P><\/p>\n","protected":false},"excerpt":{"rendered":"A medida faz parte do projeto de readequa\u00e7\u00e3o vi\u00e1ria da regi\u00e3o, que tem por objetivo melhorar a fluidez do tr\u00e1fego e aumentar a \n<a class=\"moretag\" href=\"https:\/\/www.aceguarulhos.com.br\/blog\/readequa%c3%a7%c3%a3o-vi%c3%a1ria-provoca-mudan%c3%a7as-no-tr%c3%a2nsito-de-cumbica\/\"> [...]<\/a>","protected":false},"author":8,"featured_media":0,"comment_status":"open","ping_status":"open","sticky":false,"template":"","format":"standard","meta":{"footnotes":""},"categories":[2],"tags":[],"class_list":["post-28741","post","type-post","status-publish","format-standard","hentry","category-noticias"],"yoast_head":"<!-- This site is optimized with the Yoast SEO plugin v28.1 - https:\/\/yoast.com\/product\/yoast-seo-wordpress\/ -->\n<title>Readequa\u00e7\u00e3o vi\u00e1ria provoca mudan\u00e7as no tr\u00e2nsito de Cumbica - ACE-Guarulhos<\/title>\n<meta name=\"robots\" content=\"index, follow, max-snippet:-1, max-image-preview:large, max-video-preview:-1\" \/>\n<link rel=\"canonical\" href=\"https:\/\/www.aceguarulhos.com.br\/blog\/readequa\u00e7\u00e3o-vi\u00e1ria-provoca-mudan\u00e7as-no-tr\u00e2nsito-de-cumbica\/\" \/>\n<meta property=\"og:locale\" content=\"pt_BR\" \/>\n<meta property=\"og:type\" content=\"article\" \/>\n<meta property=\"og:title\" content=\"Readequa\u00e7\u00e3o vi\u00e1ria provoca mudan\u00e7as no tr\u00e2nsito de Cumbica - ACE-Guarulhos\" \/>\n<meta property=\"og:description\" content=\"A medida faz parte do projeto de readequa\u00e7\u00e3o vi\u00e1ria da regi\u00e3o, que tem por objetivo melhorar a fluidez do tr\u00e1fego e aumentar a\" \/>\n<meta property=\"og:url\" content=\"https:\/\/www.aceguarulhos.com.br\/blog\/readequa\u00e7\u00e3o-vi\u00e1ria-provoca-mudan\u00e7as-no-tr\u00e2nsito-de-cumbica\/\" \/>\n<meta property=\"og:site_name\" content=\"ACE-Guarulhos\" \/>\n<meta property=\"article:publisher\" content=\"https:\/\/www.facebook.com\/aceguarulhos\/\" \/>\n<meta property=\"article:published_time\" content=\"2004-10-15T16:13:26+00:00\" \/>\n<meta name=\"author\" content=\"Assessoria de Imprensa ACE-Guarulhos\" \/>\n<meta name=\"twitter:card\" content=\"summary_large_image\" \/>\n<meta name=\"twitter:label1\" content=\"Escrito por\" \/>\n\t<meta name=\"twitter:data1\" content=\"Assessoria de Imprensa ACE-Guarulhos\" \/>\n\t<meta name=\"twitter:label2\" content=\"Est. tempo de leitura\" \/>\n\t<meta name=\"twitter:data2\" content=\"3 minutos\" \/>\n<script type=\"application\/ld+json\" class=\"yoast-schema-graph\">{\"@context\":\"https:\\\/\\\/schema.org\",\"@graph\":[{\"@type\":\"Article\",\"@id\":\"https:\\\/\\\/www.aceguarulhos.com.br\\\/blog\\\/readequa%c3%a7%c3%a3o-vi%c3%a1ria-provoca-mudan%c3%a7as-no-tr%c3%a2nsito-de-cumbica\\\/#article\",\"isPartOf\":{\"@id\":\"https:\\\/\\\/www.aceguarulhos.com.br\\\/blog\\\/readequa%c3%a7%c3%a3o-vi%c3%a1ria-provoca-mudan%c3%a7as-no-tr%c3%a2nsito-de-cumbica\\\/\"},\"author\":{\"name\":\"Assessoria de Imprensa ACE-Guarulhos\",\"@id\":\"https:\\\/\\\/www.aceguarulhos.com.br\\\/blog\\\/#\\\/schema\\\/person\\\/6983b51bad37489989e4f09698c26237\"},\"headline\":\"Readequa\u00e7\u00e3o vi\u00e1ria provoca mudan\u00e7as no tr\u00e2nsito de Cumbica\",\"datePublished\":\"2004-10-15T16:13:26+00:00\",\"mainEntityOfPage\":{\"@id\":\"https:\\\/\\\/www.aceguarulhos.com.br\\\/blog\\\/readequa%c3%a7%c3%a3o-vi%c3%a1ria-provoca-mudan%c3%a7as-no-tr%c3%a2nsito-de-cumbica\\\/\"},\"wordCount\":537,\"commentCount\":0,\"publisher\":{\"@id\":\"https:\\\/\\\/www.aceguarulhos.com.br\\\/blog\\\/#organization\"},\"articleSection\":[\"Not\u00edcias\"],\"inLanguage\":\"pt-BR\"},{\"@type\":\"WebPage\",\"@id\":\"https:\\\/\\\/www.aceguarulhos.com.br\\\/blog\\\/readequa%c3%a7%c3%a3o-vi%c3%a1ria-provoca-mudan%c3%a7as-no-tr%c3%a2nsito-de-cumbica\\\/\",\"url\":\"https:\\\/\\\/www.aceguarulhos.com.br\\\/blog\\\/readequa%c3%a7%c3%a3o-vi%c3%a1ria-provoca-mudan%c3%a7as-no-tr%c3%a2nsito-de-cumbica\\\/\",\"name\":\"Readequa\u00e7\u00e3o vi\u00e1ria provoca mudan\u00e7as no tr\u00e2nsito de Cumbica - ACE-Guarulhos\",\"isPartOf\":{\"@id\":\"https:\\\/\\\/www.aceguarulhos.com.br\\\/blog\\\/#website\"},\"datePublished\":\"2004-10-15T16:13:26+00:00\",\"breadcrumb\":{\"@id\":\"https:\\\/\\\/www.aceguarulhos.com.br\\\/blog\\\/readequa%c3%a7%c3%a3o-vi%c3%a1ria-provoca-mudan%c3%a7as-no-tr%c3%a2nsito-de-cumbica\\\/#breadcrumb\"},\"inLanguage\":\"pt-BR\",\"potentialAction\":[{\"@type\":\"ReadAction\",\"target\":[\"https:\\\/\\\/www.aceguarulhos.com.br\\\/blog\\\/readequa%c3%a7%c3%a3o-vi%c3%a1ria-provoca-mudan%c3%a7as-no-tr%c3%a2nsito-de-cumbica\\\/\"]}]},{\"@type\":\"BreadcrumbList\",\"@id\":\"https:\\\/\\\/www.aceguarulhos.com.br\\\/blog\\\/readequa%c3%a7%c3%a3o-vi%c3%a1ria-provoca-mudan%c3%a7as-no-tr%c3%a2nsito-de-cumbica\\\/#breadcrumb\",\"itemListElement\":[{\"@type\":\"ListItem\",\"position\":1,\"name\":\"In\u00edcio\",\"item\":\"https:\\\/\\\/www.aceguarulhos.com.br\\\/blog\\\/\"},{\"@type\":\"ListItem\",\"position\":2,\"name\":\"Readequa\u00e7\u00e3o vi\u00e1ria provoca mudan\u00e7as no tr\u00e2nsito de Cumbica\"}]},{\"@type\":\"WebSite\",\"@id\":\"https:\\\/\\\/www.aceguarulhos.com.br\\\/blog\\\/#website\",\"url\":\"https:\\\/\\\/www.aceguarulhos.com.br\\\/blog\\\/\",\"name\":\"ACE-Guarulhos\",\"description\":\"A ACE-Guarulhos \u00e9 uma associa\u00e7\u00e3o que ap\u00f3ia os empres\u00e1rios guarulhenses atrav\u00e9s da representa\u00e7\u00e3o, da gera\u00e7\u00e3o de neg\u00f3cios e presta\u00e7\u00e3o de servi\u00e7os.\",\"publisher\":{\"@id\":\"https:\\\/\\\/www.aceguarulhos.com.br\\\/blog\\\/#organization\"},\"potentialAction\":[{\"@type\":\"SearchAction\",\"target\":{\"@type\":\"EntryPoint\",\"urlTemplate\":\"https:\\\/\\\/www.aceguarulhos.com.br\\\/blog\\\/?s={search_term_string}\"},\"query-input\":{\"@type\":\"PropertyValueSpecification\",\"valueRequired\":true,\"valueName\":\"search_term_string\"}}],\"inLanguage\":\"pt-BR\"},{\"@type\":\"Organization\",\"@id\":\"https:\\\/\\\/www.aceguarulhos.com.br\\\/blog\\\/#organization\",\"name\":\"ACE-Guarulhos\",\"url\":\"https:\\\/\\\/www.aceguarulhos.com.br\\\/blog\\\/\",\"logo\":{\"@type\":\"ImageObject\",\"inLanguage\":\"pt-BR\",\"@id\":\"https:\\\/\\\/www.aceguarulhos.com.br\\\/blog\\\/#\\\/schema\\\/logo\\\/image\\\/\",\"url\":\"https:\\\/\\\/www.aceguarulhos.com.br\\\/blog\\\/wp-content\\\/uploads\\\/2017\\\/12\\\/logo-aceguarulhos-2018.png\",\"contentUrl\":\"https:\\\/\\\/www.aceguarulhos.com.br\\\/blog\\\/wp-content\\\/uploads\\\/2017\\\/12\\\/logo-aceguarulhos-2018.png\",\"width\":419,\"height\":76,\"caption\":\"ACE-Guarulhos\"},\"image\":{\"@id\":\"https:\\\/\\\/www.aceguarulhos.com.br\\\/blog\\\/#\\\/schema\\\/logo\\\/image\\\/\"},\"sameAs\":[\"https:\\\/\\\/www.facebook.com\\\/aceguarulhos\\\/\",\"https:\\\/\\\/br.linkedin.com\\\/in\\\/ace-guarulhos-b9a97093\",\"https:\\\/\\\/www.youtube.com\\\/user\\\/aceguarulhos\"]},{\"@type\":\"Person\",\"@id\":\"https:\\\/\\\/www.aceguarulhos.com.br\\\/blog\\\/#\\\/schema\\\/person\\\/6983b51bad37489989e4f09698c26237\",\"name\":\"Assessoria de Imprensa ACE-Guarulhos\",\"image\":{\"@type\":\"ImageObject\",\"inLanguage\":\"pt-BR\",\"@id\":\"https:\\\/\\\/secure.gravatar.com\\\/avatar\\\/707f3fadd6918afeb64173ab22d8a8cb0676953098a4f31ff36dc2b4c699ef6a?s=96&d=mm&r=g\",\"url\":\"https:\\\/\\\/secure.gravatar.com\\\/avatar\\\/707f3fadd6918afeb64173ab22d8a8cb0676953098a4f31ff36dc2b4c699ef6a?s=96&d=mm&r=g\",\"contentUrl\":\"https:\\\/\\\/secure.gravatar.com\\\/avatar\\\/707f3fadd6918afeb64173ab22d8a8cb0676953098a4f31ff36dc2b4c699ef6a?s=96&d=mm&r=g\",\"caption\":\"Assessoria de Imprensa ACE-Guarulhos\"},\"url\":\"https:\\\/\\\/www.aceguarulhos.com.br\\\/blog\\\/author\\\/assessoria-de-imprensa-ace-guarulhos\\\/\"}]}<\/script>\n<!-- \/ Yoast SEO plugin. -->","yoast_head_json":{"title":"Readequa\u00e7\u00e3o vi\u00e1ria provoca mudan\u00e7as no tr\u00e2nsito de Cumbica - ACE-Guarulhos","robots":{"index":"index","follow":"follow","max-snippet":"max-snippet:-1","max-image-preview":"max-image-preview:large","max-video-preview":"max-video-preview:-1"},"canonical":"https:\/\/www.aceguarulhos.com.br\/blog\/readequa\u00e7\u00e3o-vi\u00e1ria-provoca-mudan\u00e7as-no-tr\u00e2nsito-de-cumbica\/","og_locale":"pt_BR","og_type":"article","og_title":"Readequa\u00e7\u00e3o vi\u00e1ria provoca mudan\u00e7as no tr\u00e2nsito de Cumbica - ACE-Guarulhos","og_description":"A medida faz parte do projeto de readequa\u00e7\u00e3o vi\u00e1ria da regi\u00e3o, que tem por objetivo melhorar a fluidez do tr\u00e1fego e aumentar a","og_url":"https:\/\/www.aceguarulhos.com.br\/blog\/readequa\u00e7\u00e3o-vi\u00e1ria-provoca-mudan\u00e7as-no-tr\u00e2nsito-de-cumbica\/","og_site_name":"ACE-Guarulhos","article_publisher":"https:\/\/www.facebook.com\/aceguarulhos\/","article_published_time":"2004-10-15T16:13:26+00:00","author":"Assessoria de Imprensa ACE-Guarulhos","twitter_card":"summary_large_image","twitter_misc":{"Escrito por":"Assessoria de Imprensa ACE-Guarulhos","Est. tempo de leitura":"3 minutos"},"schema":{"@context":"https:\/\/schema.org","@graph":[{"@type":"Article","@id":"https:\/\/www.aceguarulhos.com.br\/blog\/readequa%c3%a7%c3%a3o-vi%c3%a1ria-provoca-mudan%c3%a7as-no-tr%c3%a2nsito-de-cumbica\/#article","isPartOf":{"@id":"https:\/\/www.aceguarulhos.com.br\/blog\/readequa%c3%a7%c3%a3o-vi%c3%a1ria-provoca-mudan%c3%a7as-no-tr%c3%a2nsito-de-cumbica\/"},"author":{"name":"Assessoria de Imprensa ACE-Guarulhos","@id":"https:\/\/www.aceguarulhos.com.br\/blog\/#\/schema\/person\/6983b51bad37489989e4f09698c26237"},"headline":"Readequa\u00e7\u00e3o vi\u00e1ria provoca mudan\u00e7as no tr\u00e2nsito de Cumbica","datePublished":"2004-10-15T16:13:26+00:00","mainEntityOfPage":{"@id":"https:\/\/www.aceguarulhos.com.br\/blog\/readequa%c3%a7%c3%a3o-vi%c3%a1ria-provoca-mudan%c3%a7as-no-tr%c3%a2nsito-de-cumbica\/"},"wordCount":537,"commentCount":0,"publisher":{"@id":"https:\/\/www.aceguarulhos.com.br\/blog\/#organization"},"articleSection":["Not\u00edcias"],"inLanguage":"pt-BR"},{"@type":"WebPage","@id":"https:\/\/www.aceguarulhos.com.br\/blog\/readequa%c3%a7%c3%a3o-vi%c3%a1ria-provoca-mudan%c3%a7as-no-tr%c3%a2nsito-de-cumbica\/","url":"https:\/\/www.aceguarulhos.com.br\/blog\/readequa%c3%a7%c3%a3o-vi%c3%a1ria-provoca-mudan%c3%a7as-no-tr%c3%a2nsito-de-cumbica\/","name":"Readequa\u00e7\u00e3o vi\u00e1ria provoca mudan\u00e7as no tr\u00e2nsito de Cumbica - ACE-Guarulhos","isPartOf":{"@id":"https:\/\/www.aceguarulhos.com.br\/blog\/#website"},"datePublished":"2004-10-15T16:13:26+00:00","breadcrumb":{"@id":"https:\/\/www.aceguarulhos.com.br\/blog\/readequa%c3%a7%c3%a3o-vi%c3%a1ria-provoca-mudan%c3%a7as-no-tr%c3%a2nsito-de-cumbica\/#breadcrumb"},"inLanguage":"pt-BR","potentialAction":[{"@type":"ReadAction","target":["https:\/\/www.aceguarulhos.com.br\/blog\/readequa%c3%a7%c3%a3o-vi%c3%a1ria-provoca-mudan%c3%a7as-no-tr%c3%a2nsito-de-cumbica\/"]}]},{"@type":"BreadcrumbList","@id":"https:\/\/www.aceguarulhos.com.br\/blog\/readequa%c3%a7%c3%a3o-vi%c3%a1ria-provoca-mudan%c3%a7as-no-tr%c3%a2nsito-de-cumbica\/#breadcrumb","itemListElement":[{"@type":"ListItem","position":1,"name":"In\u00edcio","item":"https:\/\/www.aceguarulhos.com.br\/blog\/"},{"@type":"ListItem","position":2,"name":"Readequa\u00e7\u00e3o vi\u00e1ria provoca mudan\u00e7as no tr\u00e2nsito de Cumbica"}]},{"@type":"WebSite","@id":"https:\/\/www.aceguarulhos.com.br\/blog\/#website","url":"https:\/\/www.aceguarulhos.com.br\/blog\/","name":"ACE-Guarulhos","description":"A ACE-Guarulhos \u00e9 uma associa\u00e7\u00e3o que ap\u00f3ia os empres\u00e1rios guarulhenses atrav\u00e9s da representa\u00e7\u00e3o, da gera\u00e7\u00e3o de neg\u00f3cios e presta\u00e7\u00e3o de servi\u00e7os.","publisher":{"@id":"https:\/\/www.aceguarulhos.com.br\/blog\/#organization"},"potentialAction":[{"@type":"SearchAction","target":{"@type":"EntryPoint","urlTemplate":"https:\/\/www.aceguarulhos.com.br\/blog\/?s={search_term_string}"},"query-input":{"@type":"PropertyValueSpecification","valueRequired":true,"valueName":"search_term_string"}}],"inLanguage":"pt-BR"},{"@type":"Organization","@id":"https:\/\/www.aceguarulhos.com.br\/blog\/#organization","name":"ACE-Guarulhos","url":"https:\/\/www.aceguarulhos.com.br\/blog\/","logo":{"@type":"ImageObject","inLanguage":"pt-BR","@id":"https:\/\/www.aceguarulhos.com.br\/blog\/#\/schema\/logo\/image\/","url":"https:\/\/www.aceguarulhos.com.br\/blog\/wp-content\/uploads\/2017\/12\/logo-aceguarulhos-2018.png","contentUrl":"https:\/\/www.aceguarulhos.com.br\/blog\/wp-content\/uploads\/2017\/12\/logo-aceguarulhos-2018.png","width":419,"height":76,"caption":"ACE-Guarulhos"},"image":{"@id":"https:\/\/www.aceguarulhos.com.br\/blog\/#\/schema\/logo\/image\/"},"sameAs":["https:\/\/www.facebook.com\/aceguarulhos\/","https:\/\/br.linkedin.com\/in\/ace-guarulhos-b9a97093","https:\/\/www.youtube.com\/user\/aceguarulhos"]},{"@type":"Person","@id":"https:\/\/www.aceguarulhos.com.br\/blog\/#\/schema\/person\/6983b51bad37489989e4f09698c26237","name":"Assessoria de Imprensa ACE-Guarulhos","image":{"@type":"ImageObject","inLanguage":"pt-BR","@id":"https:\/\/secure.gravatar.com\/avatar\/707f3fadd6918afeb64173ab22d8a8cb0676953098a4f31ff36dc2b4c699ef6a?s=96&d=mm&r=g","url":"https:\/\/secure.gravatar.com\/avatar\/707f3fadd6918afeb64173ab22d8a8cb0676953098a4f31ff36dc2b4c699ef6a?s=96&d=mm&r=g","contentUrl":"https:\/\/secure.gravatar.com\/avatar\/707f3fadd6918afeb64173ab22d8a8cb0676953098a4f31ff36dc2b4c699ef6a?s=96&d=mm&r=g","caption":"Assessoria de Imprensa ACE-Guarulhos"},"url":"https:\/\/www.aceguarulhos.com.br\/blog\/author\/assessoria-de-imprensa-ace-guarulhos\/"}]}},"wps_subtitle":"","amp_enabled":true,"_links":{"self":[{"href":"https:\/\/www.aceguarulhos.com.br\/blog\/wp-json\/wp\/v2\/posts\/28741","targetHints":{"allow":["GET"]}}],"collection":[{"href":"https:\/\/www.aceguarulhos.com.br\/blog\/wp-json\/wp\/v2\/posts"}],"about":[{"href":"https:\/\/www.aceguarulhos.com.br\/blog\/wp-json\/wp\/v2\/types\/post"}],"author":[{"embeddable":true,"href":"https:\/\/www.aceguarulhos.com.br\/blog\/wp-json\/wp\/v2\/users\/8"}],"replies":[{"embeddable":true,"href":"https:\/\/www.aceguarulhos.com.br\/blog\/wp-json\/wp\/v2\/comments?post=28741"}],"version-history":[{"count":0,"href":"https:\/\/www.aceguarulhos.com.br\/blog\/wp-json\/wp\/v2\/posts\/28741\/revisions"}],"wp:attachment":[{"href":"https:\/\/www.aceguarulhos.com.br\/blog\/wp-json\/wp\/v2\/media?parent=28741"}],"wp:term":[{"taxonomy":"category","embeddable":true,"href":"https:\/\/www.aceguarulhos.com.br\/blog\/wp-json\/wp\/v2\/categories?post=28741"},{"taxonomy":"post_tag","embeddable":true,"href":"https:\/\/www.aceguarulhos.com.br\/blog\/wp-json\/wp\/v2\/tags?post=28741"}],"curies":[{"name":"wp","href":"https:\/\/api.w.org\/{rel}","templated":true}]}}