{"id":28676,"date":"2004-09-24T09:45:57","date_gmt":"2004-09-24T09:45:57","guid":{"rendered":"http:\/\/www.aceguarulhos.com.br\/blog\/?p=28676"},"modified":"-0001-11-30T00:00:00","modified_gmt":"-0001-11-30T03:00:00","slug":"degrau-e-febem-v%c3%a3o-trabalhar-em-parceria","status":"publish","type":"post","link":"https:\/\/www.aceguarulhos.com.br\/blog\/degrau-e-febem-v%c3%a3o-trabalhar-em-parceria\/","title":{"rendered":"Degrau e Febem v\u00e3o trabalhar em parceria"},"content":{"rendered":"<p>O secret\u00e1rio da Justi\u00e7a e da Defesa da Cidadania, Alexandre de Moraes, anunciou uma parceria entre o Movimento Degrau e a Febem. O secret\u00e1rio, que recentemente tamb\u00e9m assumiu a presid\u00eancia da Febem, tem promovido adequa\u00e7\u00f5es na entidade para, segundo disse, implantar uma filosofia de respeito \u00e0 dignidade do adolescente interno, de modo que se encontrem meios para encaminh\u00e1-lo profissionalmente. O Degrau tem demonstrado que pode dar grande contribui\u00e7\u00e3o nesses dois pontos. <\/p>\n<p>O movimento Degrau, que tem como meta oferecer oportunidade de trabalho e de estudo profissionalizante a jovens carentes, foi lan\u00e7ado em mar\u00e7o de 2002 pela Associa\u00e7\u00e3o Comercial de S\u00e3o Paulo, Federa\u00e7\u00e3o das Associa\u00e7\u00f5es Comerciais e Industriais do Estado de S\u00e3o Paulo (Facesp) e Rede Brasileira de Entidades Assistenciais Filantr\u00f3picas (Rebraf). Desde sua idealiza\u00e7\u00e3o, o Degrau j\u00e1 empregou quase 53 mil jovens no Estado de S\u00e3o Paulo. Eles est\u00e3o empregados e amparados pela lei 10.097, que possibilita a inser\u00e7\u00e3o no mercado de trabalho de jovens entre 14 anos e 18 anos incompletos. <\/p>\n<p><strong>Alternativo<\/strong> &#8211; Os n\u00fameros mostram que o projeto tem conseguido afastar muitos menores da criminalidade, mas Rog\u00e9rio Amato, presidente do Movimento Degrau, afirma que o programa pode servir tamb\u00e9m como um caminho alternativo \u00e0 Febem. <\/p>\n<p>Segundo ele, por meio do Degrau, um menor que, por exemplo, tenha cometido um pequeno delito, n\u00e3o seria encaminhado para a Febem, podendo contar com o apoio de uma das 900 entidades parceiras do Degrau dispostas a oferecer uma oportunidade de trabalho. &#8220;Estamos propondo algo para mostrar que a Febem n\u00e3o est\u00e1 sozinha. Afinal, a quest\u00e3o do adolescente n\u00e3o \u00e9 s\u00f3 da Febem, passa pela sociedade tamb\u00e9m&#8221;, diz Amato <\/p>\n<p><strong>Diretores<\/strong> &#8211; Nesta quinta-feira, 23, assumiram novos diretores em 10 unidades da Febem, consideradas as mais problem\u00e1ticas. Entre elas, as unidades UI-37 e UI-27, do complexo Raposo Tavares, palco das mais recentes rebeli\u00f5es e den\u00fancias de maus-tratos a internos. As unidades UI-5 e UI-12, do complexo do Tatuap\u00e9, que registram os maiores hist\u00f3ricos de problemas, tamb\u00e9m est\u00e3o com nova diretoria. Os dirigentes afastados devem voltar para antigos cargos que ocupavam dentro da Febem. <\/p>\n<p>A maioria dos diretores afastados estava \u00e0 frente de unidades que eram alvo de den\u00fancias de agress\u00e3o aos menores. Apesar desse fato, o secret\u00e1rio da Justi\u00e7a e da Defesa da Cidadania n\u00e3o atribuiu os afastamentos diretamente \u00e0s den\u00fancias. &#8220;Se as acusa\u00e7\u00f5es procederem, os antigos diretores v\u00e3o responder a processos&#8221;, garantiu Alexandre de Moraes. <\/p>\n<p>Os funcion\u00e1rios das unidades geralmente s\u00e3o apontados como os autores das agress\u00f5es contra menores. No entanto, n\u00e3o h\u00e1 previs\u00e3o de afastamento de ningu\u00e9m al\u00e9m dos dirigentes, segundo o secret\u00e1rio. &#8220;Os novos diretores \u00e9 que v\u00e3o tomar conhecimento de suas equipes e, depois, se houver necessidade, pode ser que funcion\u00e1rios sejam afastados&#8221;, disse ele. <\/p>\n<p>As medidas disciplinares nas unidades, aplicadas aos internos que transgridem as normas estabelecidas, v\u00e3o continuar. O problema \u00e9 que muitas vezes essas medidas acabavam em castigos f\u00edsicos. &#8220;As medidas disciplinares continuam. Eventuais castigos, que muitas vezes vinham da cabe\u00e7a de diretores, sempre foram proibidos&#8221;, explicou Moraes. <\/p>\n<p><strong>Exames<\/strong> &#8211; Faz parte do pacote de mudan\u00e7as implantado pela atual gest\u00e3o, a realiza\u00e7\u00e3o de exames m\u00e9dicos peri\u00f3dicos nos internos das 77 unidades. A cada 15 dias, os menores ser\u00e3o examinados por m\u00e9dicos do Instituto de Medicina Social e de Criminologia de S\u00e3o Paulo (Imesc). A medida, segundo o secret\u00e1rio, serve para verificar problemas de sa\u00fade ou eventuais abusos. <\/p>\n<p>Junto com as novas diretorias, um novo departamento, a Coordenadoria Pedag\u00f3gica, tamb\u00e9m foi implantado na Febem. A inten\u00e7\u00e3o \u00e9 que as decis\u00f5es de todas as unidades sejam submetidas \u00e0 supervis\u00e3o dessa nova divis\u00e3o, que estar\u00e1 sob o comando da professora Maria Madalena Rodrigues Wu. <\/p>\n<p>Tamb\u00e9m nesta quinta-feira, 23, as diretorias das 77 unidades da Febem estiveram na Federa\u00e7\u00e3o das Associa\u00e7\u00f5es Comerciais do Estado de S\u00e3o Paulo (Facesp) para receber treinamento administrativo e pedag\u00f3gico, oferecido pelo Minist\u00e9rio P\u00fablico e pelo Departamento de Execu\u00e7\u00e3o da Inf\u00e2ncia e Juventude. O encontro, que termina no s\u00e1bado, 25, tem como proposta levar aos novos diretores as tamb\u00e9m recentes diretrizes da Febem, para que eles possam repass\u00e1-las a suas equipes.<\/p>\n<p><strong>Renato Carbonari Ibelli<\/strong><\/p>\n","protected":false},"excerpt":{"rendered":"O secret\u00e1rio da Justi\u00e7a e da Defesa da Cidadania, Alexandre de Moraes, anunciou uma parceria entre o Movimento Degrau e a Febem. O \n<a class=\"moretag\" href=\"https:\/\/www.aceguarulhos.com.br\/blog\/degrau-e-febem-v%c3%a3o-trabalhar-em-parceria\/\"> [...]<\/a>","protected":false},"author":8,"featured_media":0,"comment_status":"open","ping_status":"open","sticky":false,"template":"","format":"standard","meta":{"footnotes":""},"categories":[2],"tags":[],"class_list":["post-28676","post","type-post","status-publish","format-standard","hentry","category-noticias"],"yoast_head":"<!-- This site is optimized with the Yoast SEO plugin v28.1 - https:\/\/yoast.com\/product\/yoast-seo-wordpress\/ -->\n<title>Degrau e Febem v\u00e3o trabalhar em parceria - ACE-Guarulhos<\/title>\n<meta name=\"robots\" content=\"index, follow, max-snippet:-1, max-image-preview:large, max-video-preview:-1\" \/>\n<link rel=\"canonical\" href=\"https:\/\/www.aceguarulhos.com.br\/blog\/degrau-e-febem-v\u00e3o-trabalhar-em-parceria\/\" \/>\n<meta property=\"og:locale\" content=\"pt_BR\" \/>\n<meta property=\"og:type\" content=\"article\" \/>\n<meta property=\"og:title\" content=\"Degrau e Febem v\u00e3o trabalhar em parceria - ACE-Guarulhos\" \/>\n<meta property=\"og:description\" content=\"O secret\u00e1rio da Justi\u00e7a e da Defesa da Cidadania, Alexandre de Moraes, anunciou uma parceria entre o Movimento Degrau e a Febem. O\" \/>\n<meta property=\"og:url\" content=\"https:\/\/www.aceguarulhos.com.br\/blog\/degrau-e-febem-v\u00e3o-trabalhar-em-parceria\/\" \/>\n<meta property=\"og:site_name\" content=\"ACE-Guarulhos\" \/>\n<meta property=\"article:publisher\" content=\"https:\/\/www.facebook.com\/aceguarulhos\/\" \/>\n<meta property=\"article:published_time\" content=\"2004-09-24T09:45:57+00:00\" \/>\n<meta name=\"author\" content=\"Assessoria de Imprensa ACE-Guarulhos\" \/>\n<meta name=\"twitter:card\" content=\"summary_large_image\" \/>\n<meta name=\"twitter:label1\" content=\"Escrito por\" \/>\n\t<meta name=\"twitter:data1\" content=\"Assessoria de Imprensa ACE-Guarulhos\" \/>\n\t<meta name=\"twitter:label2\" content=\"Est. tempo de leitura\" \/>\n\t<meta name=\"twitter:data2\" content=\"4 minutos\" \/>\n<script type=\"application\/ld+json\" class=\"yoast-schema-graph\">{\"@context\":\"https:\\\/\\\/schema.org\",\"@graph\":[{\"@type\":\"Article\",\"@id\":\"https:\\\/\\\/www.aceguarulhos.com.br\\\/blog\\\/degrau-e-febem-v%c3%a3o-trabalhar-em-parceria\\\/#article\",\"isPartOf\":{\"@id\":\"https:\\\/\\\/www.aceguarulhos.com.br\\\/blog\\\/degrau-e-febem-v%c3%a3o-trabalhar-em-parceria\\\/\"},\"author\":{\"name\":\"Assessoria de Imprensa ACE-Guarulhos\",\"@id\":\"https:\\\/\\\/www.aceguarulhos.com.br\\\/blog\\\/#\\\/schema\\\/person\\\/6983b51bad37489989e4f09698c26237\"},\"headline\":\"Degrau e Febem v\u00e3o trabalhar em parceria\",\"datePublished\":\"2004-09-24T09:45:57+00:00\",\"mainEntityOfPage\":{\"@id\":\"https:\\\/\\\/www.aceguarulhos.com.br\\\/blog\\\/degrau-e-febem-v%c3%a3o-trabalhar-em-parceria\\\/\"},\"wordCount\":737,\"commentCount\":0,\"publisher\":{\"@id\":\"https:\\\/\\\/www.aceguarulhos.com.br\\\/blog\\\/#organization\"},\"articleSection\":[\"Not\u00edcias\"],\"inLanguage\":\"pt-BR\"},{\"@type\":\"WebPage\",\"@id\":\"https:\\\/\\\/www.aceguarulhos.com.br\\\/blog\\\/degrau-e-febem-v%c3%a3o-trabalhar-em-parceria\\\/\",\"url\":\"https:\\\/\\\/www.aceguarulhos.com.br\\\/blog\\\/degrau-e-febem-v%c3%a3o-trabalhar-em-parceria\\\/\",\"name\":\"Degrau e Febem v\u00e3o trabalhar em parceria - ACE-Guarulhos\",\"isPartOf\":{\"@id\":\"https:\\\/\\\/www.aceguarulhos.com.br\\\/blog\\\/#website\"},\"datePublished\":\"2004-09-24T09:45:57+00:00\",\"breadcrumb\":{\"@id\":\"https:\\\/\\\/www.aceguarulhos.com.br\\\/blog\\\/degrau-e-febem-v%c3%a3o-trabalhar-em-parceria\\\/#breadcrumb\"},\"inLanguage\":\"pt-BR\",\"potentialAction\":[{\"@type\":\"ReadAction\",\"target\":[\"https:\\\/\\\/www.aceguarulhos.com.br\\\/blog\\\/degrau-e-febem-v%c3%a3o-trabalhar-em-parceria\\\/\"]}]},{\"@type\":\"BreadcrumbList\",\"@id\":\"https:\\\/\\\/www.aceguarulhos.com.br\\\/blog\\\/degrau-e-febem-v%c3%a3o-trabalhar-em-parceria\\\/#breadcrumb\",\"itemListElement\":[{\"@type\":\"ListItem\",\"position\":1,\"name\":\"In\u00edcio\",\"item\":\"https:\\\/\\\/www.aceguarulhos.com.br\\\/blog\\\/\"},{\"@type\":\"ListItem\",\"position\":2,\"name\":\"Degrau e Febem v\u00e3o trabalhar em parceria\"}]},{\"@type\":\"WebSite\",\"@id\":\"https:\\\/\\\/www.aceguarulhos.com.br\\\/blog\\\/#website\",\"url\":\"https:\\\/\\\/www.aceguarulhos.com.br\\\/blog\\\/\",\"name\":\"ACE-Guarulhos\",\"description\":\"A ACE-Guarulhos \u00e9 uma associa\u00e7\u00e3o que ap\u00f3ia os empres\u00e1rios guarulhenses atrav\u00e9s da representa\u00e7\u00e3o, da gera\u00e7\u00e3o de neg\u00f3cios e presta\u00e7\u00e3o de servi\u00e7os.\",\"publisher\":{\"@id\":\"https:\\\/\\\/www.aceguarulhos.com.br\\\/blog\\\/#organization\"},\"potentialAction\":[{\"@type\":\"SearchAction\",\"target\":{\"@type\":\"EntryPoint\",\"urlTemplate\":\"https:\\\/\\\/www.aceguarulhos.com.br\\\/blog\\\/?s={search_term_string}\"},\"query-input\":{\"@type\":\"PropertyValueSpecification\",\"valueRequired\":true,\"valueName\":\"search_term_string\"}}],\"inLanguage\":\"pt-BR\"},{\"@type\":\"Organization\",\"@id\":\"https:\\\/\\\/www.aceguarulhos.com.br\\\/blog\\\/#organization\",\"name\":\"ACE-Guarulhos\",\"url\":\"https:\\\/\\\/www.aceguarulhos.com.br\\\/blog\\\/\",\"logo\":{\"@type\":\"ImageObject\",\"inLanguage\":\"pt-BR\",\"@id\":\"https:\\\/\\\/www.aceguarulhos.com.br\\\/blog\\\/#\\\/schema\\\/logo\\\/image\\\/\",\"url\":\"https:\\\/\\\/www.aceguarulhos.com.br\\\/blog\\\/wp-content\\\/uploads\\\/2017\\\/12\\\/logo-aceguarulhos-2018.png\",\"contentUrl\":\"https:\\\/\\\/www.aceguarulhos.com.br\\\/blog\\\/wp-content\\\/uploads\\\/2017\\\/12\\\/logo-aceguarulhos-2018.png\",\"width\":419,\"height\":76,\"caption\":\"ACE-Guarulhos\"},\"image\":{\"@id\":\"https:\\\/\\\/www.aceguarulhos.com.br\\\/blog\\\/#\\\/schema\\\/logo\\\/image\\\/\"},\"sameAs\":[\"https:\\\/\\\/www.facebook.com\\\/aceguarulhos\\\/\",\"https:\\\/\\\/br.linkedin.com\\\/in\\\/ace-guarulhos-b9a97093\",\"https:\\\/\\\/www.youtube.com\\\/user\\\/aceguarulhos\"]},{\"@type\":\"Person\",\"@id\":\"https:\\\/\\\/www.aceguarulhos.com.br\\\/blog\\\/#\\\/schema\\\/person\\\/6983b51bad37489989e4f09698c26237\",\"name\":\"Assessoria de Imprensa ACE-Guarulhos\",\"image\":{\"@type\":\"ImageObject\",\"inLanguage\":\"pt-BR\",\"@id\":\"https:\\\/\\\/secure.gravatar.com\\\/avatar\\\/707f3fadd6918afeb64173ab22d8a8cb0676953098a4f31ff36dc2b4c699ef6a?s=96&d=mm&r=g\",\"url\":\"https:\\\/\\\/secure.gravatar.com\\\/avatar\\\/707f3fadd6918afeb64173ab22d8a8cb0676953098a4f31ff36dc2b4c699ef6a?s=96&d=mm&r=g\",\"contentUrl\":\"https:\\\/\\\/secure.gravatar.com\\\/avatar\\\/707f3fadd6918afeb64173ab22d8a8cb0676953098a4f31ff36dc2b4c699ef6a?s=96&d=mm&r=g\",\"caption\":\"Assessoria de Imprensa ACE-Guarulhos\"},\"url\":\"https:\\\/\\\/www.aceguarulhos.com.br\\\/blog\\\/author\\\/assessoria-de-imprensa-ace-guarulhos\\\/\"}]}<\/script>\n<!-- \/ Yoast SEO plugin. -->","yoast_head_json":{"title":"Degrau e Febem v\u00e3o trabalhar em parceria - ACE-Guarulhos","robots":{"index":"index","follow":"follow","max-snippet":"max-snippet:-1","max-image-preview":"max-image-preview:large","max-video-preview":"max-video-preview:-1"},"canonical":"https:\/\/www.aceguarulhos.com.br\/blog\/degrau-e-febem-v\u00e3o-trabalhar-em-parceria\/","og_locale":"pt_BR","og_type":"article","og_title":"Degrau e Febem v\u00e3o trabalhar em parceria - ACE-Guarulhos","og_description":"O secret\u00e1rio da Justi\u00e7a e da Defesa da Cidadania, Alexandre de Moraes, anunciou uma parceria entre o Movimento Degrau e a Febem. O","og_url":"https:\/\/www.aceguarulhos.com.br\/blog\/degrau-e-febem-v\u00e3o-trabalhar-em-parceria\/","og_site_name":"ACE-Guarulhos","article_publisher":"https:\/\/www.facebook.com\/aceguarulhos\/","article_published_time":"2004-09-24T09:45:57+00:00","author":"Assessoria de Imprensa ACE-Guarulhos","twitter_card":"summary_large_image","twitter_misc":{"Escrito por":"Assessoria de Imprensa ACE-Guarulhos","Est. tempo de leitura":"4 minutos"},"schema":{"@context":"https:\/\/schema.org","@graph":[{"@type":"Article","@id":"https:\/\/www.aceguarulhos.com.br\/blog\/degrau-e-febem-v%c3%a3o-trabalhar-em-parceria\/#article","isPartOf":{"@id":"https:\/\/www.aceguarulhos.com.br\/blog\/degrau-e-febem-v%c3%a3o-trabalhar-em-parceria\/"},"author":{"name":"Assessoria de Imprensa ACE-Guarulhos","@id":"https:\/\/www.aceguarulhos.com.br\/blog\/#\/schema\/person\/6983b51bad37489989e4f09698c26237"},"headline":"Degrau e Febem v\u00e3o trabalhar em parceria","datePublished":"2004-09-24T09:45:57+00:00","mainEntityOfPage":{"@id":"https:\/\/www.aceguarulhos.com.br\/blog\/degrau-e-febem-v%c3%a3o-trabalhar-em-parceria\/"},"wordCount":737,"commentCount":0,"publisher":{"@id":"https:\/\/www.aceguarulhos.com.br\/blog\/#organization"},"articleSection":["Not\u00edcias"],"inLanguage":"pt-BR"},{"@type":"WebPage","@id":"https:\/\/www.aceguarulhos.com.br\/blog\/degrau-e-febem-v%c3%a3o-trabalhar-em-parceria\/","url":"https:\/\/www.aceguarulhos.com.br\/blog\/degrau-e-febem-v%c3%a3o-trabalhar-em-parceria\/","name":"Degrau e Febem v\u00e3o trabalhar em parceria - ACE-Guarulhos","isPartOf":{"@id":"https:\/\/www.aceguarulhos.com.br\/blog\/#website"},"datePublished":"2004-09-24T09:45:57+00:00","breadcrumb":{"@id":"https:\/\/www.aceguarulhos.com.br\/blog\/degrau-e-febem-v%c3%a3o-trabalhar-em-parceria\/#breadcrumb"},"inLanguage":"pt-BR","potentialAction":[{"@type":"ReadAction","target":["https:\/\/www.aceguarulhos.com.br\/blog\/degrau-e-febem-v%c3%a3o-trabalhar-em-parceria\/"]}]},{"@type":"BreadcrumbList","@id":"https:\/\/www.aceguarulhos.com.br\/blog\/degrau-e-febem-v%c3%a3o-trabalhar-em-parceria\/#breadcrumb","itemListElement":[{"@type":"ListItem","position":1,"name":"In\u00edcio","item":"https:\/\/www.aceguarulhos.com.br\/blog\/"},{"@type":"ListItem","position":2,"name":"Degrau e Febem v\u00e3o trabalhar em parceria"}]},{"@type":"WebSite","@id":"https:\/\/www.aceguarulhos.com.br\/blog\/#website","url":"https:\/\/www.aceguarulhos.com.br\/blog\/","name":"ACE-Guarulhos","description":"A ACE-Guarulhos \u00e9 uma associa\u00e7\u00e3o que ap\u00f3ia os empres\u00e1rios guarulhenses atrav\u00e9s da representa\u00e7\u00e3o, da gera\u00e7\u00e3o de neg\u00f3cios e presta\u00e7\u00e3o de servi\u00e7os.","publisher":{"@id":"https:\/\/www.aceguarulhos.com.br\/blog\/#organization"},"potentialAction":[{"@type":"SearchAction","target":{"@type":"EntryPoint","urlTemplate":"https:\/\/www.aceguarulhos.com.br\/blog\/?s={search_term_string}"},"query-input":{"@type":"PropertyValueSpecification","valueRequired":true,"valueName":"search_term_string"}}],"inLanguage":"pt-BR"},{"@type":"Organization","@id":"https:\/\/www.aceguarulhos.com.br\/blog\/#organization","name":"ACE-Guarulhos","url":"https:\/\/www.aceguarulhos.com.br\/blog\/","logo":{"@type":"ImageObject","inLanguage":"pt-BR","@id":"https:\/\/www.aceguarulhos.com.br\/blog\/#\/schema\/logo\/image\/","url":"https:\/\/www.aceguarulhos.com.br\/blog\/wp-content\/uploads\/2017\/12\/logo-aceguarulhos-2018.png","contentUrl":"https:\/\/www.aceguarulhos.com.br\/blog\/wp-content\/uploads\/2017\/12\/logo-aceguarulhos-2018.png","width":419,"height":76,"caption":"ACE-Guarulhos"},"image":{"@id":"https:\/\/www.aceguarulhos.com.br\/blog\/#\/schema\/logo\/image\/"},"sameAs":["https:\/\/www.facebook.com\/aceguarulhos\/","https:\/\/br.linkedin.com\/in\/ace-guarulhos-b9a97093","https:\/\/www.youtube.com\/user\/aceguarulhos"]},{"@type":"Person","@id":"https:\/\/www.aceguarulhos.com.br\/blog\/#\/schema\/person\/6983b51bad37489989e4f09698c26237","name":"Assessoria de Imprensa ACE-Guarulhos","image":{"@type":"ImageObject","inLanguage":"pt-BR","@id":"https:\/\/secure.gravatar.com\/avatar\/707f3fadd6918afeb64173ab22d8a8cb0676953098a4f31ff36dc2b4c699ef6a?s=96&d=mm&r=g","url":"https:\/\/secure.gravatar.com\/avatar\/707f3fadd6918afeb64173ab22d8a8cb0676953098a4f31ff36dc2b4c699ef6a?s=96&d=mm&r=g","contentUrl":"https:\/\/secure.gravatar.com\/avatar\/707f3fadd6918afeb64173ab22d8a8cb0676953098a4f31ff36dc2b4c699ef6a?s=96&d=mm&r=g","caption":"Assessoria de Imprensa ACE-Guarulhos"},"url":"https:\/\/www.aceguarulhos.com.br\/blog\/author\/assessoria-de-imprensa-ace-guarulhos\/"}]}},"wps_subtitle":"","amp_enabled":true,"_links":{"self":[{"href":"https:\/\/www.aceguarulhos.com.br\/blog\/wp-json\/wp\/v2\/posts\/28676","targetHints":{"allow":["GET"]}}],"collection":[{"href":"https:\/\/www.aceguarulhos.com.br\/blog\/wp-json\/wp\/v2\/posts"}],"about":[{"href":"https:\/\/www.aceguarulhos.com.br\/blog\/wp-json\/wp\/v2\/types\/post"}],"author":[{"embeddable":true,"href":"https:\/\/www.aceguarulhos.com.br\/blog\/wp-json\/wp\/v2\/users\/8"}],"replies":[{"embeddable":true,"href":"https:\/\/www.aceguarulhos.com.br\/blog\/wp-json\/wp\/v2\/comments?post=28676"}],"version-history":[{"count":0,"href":"https:\/\/www.aceguarulhos.com.br\/blog\/wp-json\/wp\/v2\/posts\/28676\/revisions"}],"wp:attachment":[{"href":"https:\/\/www.aceguarulhos.com.br\/blog\/wp-json\/wp\/v2\/media?parent=28676"}],"wp:term":[{"taxonomy":"category","embeddable":true,"href":"https:\/\/www.aceguarulhos.com.br\/blog\/wp-json\/wp\/v2\/categories?post=28676"},{"taxonomy":"post_tag","embeddable":true,"href":"https:\/\/www.aceguarulhos.com.br\/blog\/wp-json\/wp\/v2\/tags?post=28676"}],"curies":[{"name":"wp","href":"https:\/\/api.w.org\/{rel}","templated":true}]}}