{"id":28663,"date":"2004-09-21T17:59:31","date_gmt":"2004-09-21T17:59:31","guid":{"rendered":"http:\/\/www.aceguarulhos.com.br\/blog\/?p=28663"},"modified":"-0001-11-30T00:00:00","modified_gmt":"-0001-11-30T03:00:00","slug":"s%c3%a3o-paulo-anuncia-pacote-de-redu%c3%a7%c3%a3o-do-icms","status":"publish","type":"post","link":"https:\/\/www.aceguarulhos.com.br\/blog\/s%c3%a3o-paulo-anuncia-pacote-de-redu%c3%a7%c3%a3o-do-icms\/","title":{"rendered":"S\u00e3o Paulo anuncia pacote de redu\u00e7\u00e3o do ICMS"},"content":{"rendered":"<p><P>O governor de S\u00e3o Paulo, Geraldo Alckmin, anunciou nesta ter\u00e7a-feira, 21, as medidas que comp\u00f5em a &#8220;primavera tribut\u00e1ria&#8221;, j\u00e1 falada anteriormente. Trata-se de um conjunto de medidas de desonera\u00e7\u00e3o de diversos setores da economia que t\u00eam como objetivo aumentar a competitividade do Estado.<\/P><P>O conjunto de medidas inclui a redu\u00e7\u00e3o da al\u00edquota de Imposto sobre Circula\u00e7\u00e3o de Mercadorias e Servi\u00e7os (ICMS) de 18% para 12%, na etapa industrial e atacadista, dos setores de autope\u00e7as, cosm\u00e9tico, perfume e higiene, medicamentos e alimentos.<\/P><P>Apenas para a ind\u00fastria a mesma diminui\u00e7\u00e3o de carga acontecer\u00e1 nos segmentos de instrumentos musicais, brinquedos e vinhos. Para os atacadistas de couro a desonera\u00e7\u00e3o, j\u00e1 aplicada anteriormente \u00e0 ind\u00fastria, chega ao atacado. Todas essas redu\u00e7\u00f5es ser\u00e3o determinadas por decreto do governador.<\/P><P>Na mesma linha, um projeto de lei ser\u00e1 encaminhado \u00e0 Assembl\u00e9ia Legislativa propondo a redu\u00e7\u00e3o do ICMS tamb\u00e9m de 18% para 12% para lou\u00e7a sanit\u00e1ria e cer\u00e2mica de revestimento. Neste caso a desonera\u00e7\u00e3o valeria tamb\u00e9m para o com\u00e9rcio. As medidas fazem parte do programa S\u00e3o Paulo Competitivo que, segundo Alckmin, tem o objetivo de incentivar investimentos no Estado, gerando emprego e renda.<\/P><\/p>\n","protected":false},"excerpt":{"rendered":"O governor de S\u00e3o Paulo, Geraldo Alckmin, anunciou nesta ter\u00e7a-feira, 21, as medidas que comp\u00f5em a &#8220;primavera tribut\u00e1ria&#8221;, j\u00e1 falada anteriormente. Trata-se de \n<a class=\"moretag\" href=\"https:\/\/www.aceguarulhos.com.br\/blog\/s%c3%a3o-paulo-anuncia-pacote-de-redu%c3%a7%c3%a3o-do-icms\/\"> [...]<\/a>","protected":false},"author":8,"featured_media":0,"comment_status":"open","ping_status":"open","sticky":false,"template":"","format":"standard","meta":{"footnotes":""},"categories":[2],"tags":[],"class_list":["post-28663","post","type-post","status-publish","format-standard","hentry","category-noticias"],"yoast_head":"<!-- This site is optimized with the Yoast SEO plugin v28.1 - https:\/\/yoast.com\/product\/yoast-seo-wordpress\/ -->\n<title>S\u00e3o Paulo anuncia pacote de redu\u00e7\u00e3o do ICMS - ACE-Guarulhos<\/title>\n<meta name=\"robots\" content=\"index, follow, max-snippet:-1, max-image-preview:large, max-video-preview:-1\" \/>\n<link rel=\"canonical\" href=\"https:\/\/www.aceguarulhos.com.br\/blog\/s\u00e3o-paulo-anuncia-pacote-de-redu\u00e7\u00e3o-do-icms\/\" \/>\n<meta property=\"og:locale\" content=\"pt_BR\" \/>\n<meta property=\"og:type\" content=\"article\" \/>\n<meta property=\"og:title\" content=\"S\u00e3o Paulo anuncia pacote de redu\u00e7\u00e3o do ICMS - ACE-Guarulhos\" \/>\n<meta property=\"og:description\" content=\"O governor de S\u00e3o Paulo, Geraldo Alckmin, anunciou nesta ter\u00e7a-feira, 21, as medidas que comp\u00f5em a &#8220;primavera tribut\u00e1ria&#8221;, j\u00e1 falada anteriormente. Trata-se de\" \/>\n<meta property=\"og:url\" content=\"https:\/\/www.aceguarulhos.com.br\/blog\/s\u00e3o-paulo-anuncia-pacote-de-redu\u00e7\u00e3o-do-icms\/\" \/>\n<meta property=\"og:site_name\" content=\"ACE-Guarulhos\" \/>\n<meta property=\"article:publisher\" content=\"https:\/\/www.facebook.com\/aceguarulhos\/\" \/>\n<meta property=\"article:published_time\" content=\"2004-09-21T17:59:31+00:00\" \/>\n<meta name=\"author\" content=\"Assessoria de Imprensa ACE-Guarulhos\" \/>\n<meta name=\"twitter:card\" content=\"summary_large_image\" \/>\n<meta name=\"twitter:label1\" content=\"Escrito por\" \/>\n\t<meta name=\"twitter:data1\" content=\"Assessoria de Imprensa ACE-Guarulhos\" \/>\n\t<meta name=\"twitter:label2\" content=\"Est. tempo de leitura\" \/>\n\t<meta name=\"twitter:data2\" content=\"1 minuto\" \/>\n<script type=\"application\/ld+json\" class=\"yoast-schema-graph\">{\"@context\":\"https:\\\/\\\/schema.org\",\"@graph\":[{\"@type\":\"Article\",\"@id\":\"https:\\\/\\\/www.aceguarulhos.com.br\\\/blog\\\/s%c3%a3o-paulo-anuncia-pacote-de-redu%c3%a7%c3%a3o-do-icms\\\/#article\",\"isPartOf\":{\"@id\":\"https:\\\/\\\/www.aceguarulhos.com.br\\\/blog\\\/s%c3%a3o-paulo-anuncia-pacote-de-redu%c3%a7%c3%a3o-do-icms\\\/\"},\"author\":{\"name\":\"Assessoria de Imprensa ACE-Guarulhos\",\"@id\":\"https:\\\/\\\/www.aceguarulhos.com.br\\\/blog\\\/#\\\/schema\\\/person\\\/6983b51bad37489989e4f09698c26237\"},\"headline\":\"S\u00e3o Paulo anuncia pacote de redu\u00e7\u00e3o do ICMS\",\"datePublished\":\"2004-09-21T17:59:31+00:00\",\"mainEntityOfPage\":{\"@id\":\"https:\\\/\\\/www.aceguarulhos.com.br\\\/blog\\\/s%c3%a3o-paulo-anuncia-pacote-de-redu%c3%a7%c3%a3o-do-icms\\\/\"},\"wordCount\":216,\"commentCount\":0,\"publisher\":{\"@id\":\"https:\\\/\\\/www.aceguarulhos.com.br\\\/blog\\\/#organization\"},\"articleSection\":[\"Not\u00edcias\"],\"inLanguage\":\"pt-BR\"},{\"@type\":\"WebPage\",\"@id\":\"https:\\\/\\\/www.aceguarulhos.com.br\\\/blog\\\/s%c3%a3o-paulo-anuncia-pacote-de-redu%c3%a7%c3%a3o-do-icms\\\/\",\"url\":\"https:\\\/\\\/www.aceguarulhos.com.br\\\/blog\\\/s%c3%a3o-paulo-anuncia-pacote-de-redu%c3%a7%c3%a3o-do-icms\\\/\",\"name\":\"S\u00e3o Paulo anuncia pacote de redu\u00e7\u00e3o do ICMS - ACE-Guarulhos\",\"isPartOf\":{\"@id\":\"https:\\\/\\\/www.aceguarulhos.com.br\\\/blog\\\/#website\"},\"datePublished\":\"2004-09-21T17:59:31+00:00\",\"breadcrumb\":{\"@id\":\"https:\\\/\\\/www.aceguarulhos.com.br\\\/blog\\\/s%c3%a3o-paulo-anuncia-pacote-de-redu%c3%a7%c3%a3o-do-icms\\\/#breadcrumb\"},\"inLanguage\":\"pt-BR\",\"potentialAction\":[{\"@type\":\"ReadAction\",\"target\":[\"https:\\\/\\\/www.aceguarulhos.com.br\\\/blog\\\/s%c3%a3o-paulo-anuncia-pacote-de-redu%c3%a7%c3%a3o-do-icms\\\/\"]}]},{\"@type\":\"BreadcrumbList\",\"@id\":\"https:\\\/\\\/www.aceguarulhos.com.br\\\/blog\\\/s%c3%a3o-paulo-anuncia-pacote-de-redu%c3%a7%c3%a3o-do-icms\\\/#breadcrumb\",\"itemListElement\":[{\"@type\":\"ListItem\",\"position\":1,\"name\":\"In\u00edcio\",\"item\":\"https:\\\/\\\/www.aceguarulhos.com.br\\\/blog\\\/\"},{\"@type\":\"ListItem\",\"position\":2,\"name\":\"S\u00e3o Paulo anuncia pacote de redu\u00e7\u00e3o do ICMS\"}]},{\"@type\":\"WebSite\",\"@id\":\"https:\\\/\\\/www.aceguarulhos.com.br\\\/blog\\\/#website\",\"url\":\"https:\\\/\\\/www.aceguarulhos.com.br\\\/blog\\\/\",\"name\":\"ACE-Guarulhos\",\"description\":\"A ACE-Guarulhos \u00e9 uma associa\u00e7\u00e3o que ap\u00f3ia os empres\u00e1rios guarulhenses atrav\u00e9s da representa\u00e7\u00e3o, da gera\u00e7\u00e3o de neg\u00f3cios e presta\u00e7\u00e3o de servi\u00e7os.\",\"publisher\":{\"@id\":\"https:\\\/\\\/www.aceguarulhos.com.br\\\/blog\\\/#organization\"},\"potentialAction\":[{\"@type\":\"SearchAction\",\"target\":{\"@type\":\"EntryPoint\",\"urlTemplate\":\"https:\\\/\\\/www.aceguarulhos.com.br\\\/blog\\\/?s={search_term_string}\"},\"query-input\":{\"@type\":\"PropertyValueSpecification\",\"valueRequired\":true,\"valueName\":\"search_term_string\"}}],\"inLanguage\":\"pt-BR\"},{\"@type\":\"Organization\",\"@id\":\"https:\\\/\\\/www.aceguarulhos.com.br\\\/blog\\\/#organization\",\"name\":\"ACE-Guarulhos\",\"url\":\"https:\\\/\\\/www.aceguarulhos.com.br\\\/blog\\\/\",\"logo\":{\"@type\":\"ImageObject\",\"inLanguage\":\"pt-BR\",\"@id\":\"https:\\\/\\\/www.aceguarulhos.com.br\\\/blog\\\/#\\\/schema\\\/logo\\\/image\\\/\",\"url\":\"https:\\\/\\\/www.aceguarulhos.com.br\\\/blog\\\/wp-content\\\/uploads\\\/2017\\\/12\\\/logo-aceguarulhos-2018.png\",\"contentUrl\":\"https:\\\/\\\/www.aceguarulhos.com.br\\\/blog\\\/wp-content\\\/uploads\\\/2017\\\/12\\\/logo-aceguarulhos-2018.png\",\"width\":419,\"height\":76,\"caption\":\"ACE-Guarulhos\"},\"image\":{\"@id\":\"https:\\\/\\\/www.aceguarulhos.com.br\\\/blog\\\/#\\\/schema\\\/logo\\\/image\\\/\"},\"sameAs\":[\"https:\\\/\\\/www.facebook.com\\\/aceguarulhos\\\/\",\"https:\\\/\\\/br.linkedin.com\\\/in\\\/ace-guarulhos-b9a97093\",\"https:\\\/\\\/www.youtube.com\\\/user\\\/aceguarulhos\"]},{\"@type\":\"Person\",\"@id\":\"https:\\\/\\\/www.aceguarulhos.com.br\\\/blog\\\/#\\\/schema\\\/person\\\/6983b51bad37489989e4f09698c26237\",\"name\":\"Assessoria de Imprensa ACE-Guarulhos\",\"image\":{\"@type\":\"ImageObject\",\"inLanguage\":\"pt-BR\",\"@id\":\"https:\\\/\\\/secure.gravatar.com\\\/avatar\\\/707f3fadd6918afeb64173ab22d8a8cb0676953098a4f31ff36dc2b4c699ef6a?s=96&d=mm&r=g\",\"url\":\"https:\\\/\\\/secure.gravatar.com\\\/avatar\\\/707f3fadd6918afeb64173ab22d8a8cb0676953098a4f31ff36dc2b4c699ef6a?s=96&d=mm&r=g\",\"contentUrl\":\"https:\\\/\\\/secure.gravatar.com\\\/avatar\\\/707f3fadd6918afeb64173ab22d8a8cb0676953098a4f31ff36dc2b4c699ef6a?s=96&d=mm&r=g\",\"caption\":\"Assessoria de Imprensa ACE-Guarulhos\"},\"url\":\"https:\\\/\\\/www.aceguarulhos.com.br\\\/blog\\\/author\\\/assessoria-de-imprensa-ace-guarulhos\\\/\"}]}<\/script>\n<!-- \/ Yoast SEO plugin. -->","yoast_head_json":{"title":"S\u00e3o Paulo anuncia pacote de redu\u00e7\u00e3o do ICMS - ACE-Guarulhos","robots":{"index":"index","follow":"follow","max-snippet":"max-snippet:-1","max-image-preview":"max-image-preview:large","max-video-preview":"max-video-preview:-1"},"canonical":"https:\/\/www.aceguarulhos.com.br\/blog\/s\u00e3o-paulo-anuncia-pacote-de-redu\u00e7\u00e3o-do-icms\/","og_locale":"pt_BR","og_type":"article","og_title":"S\u00e3o Paulo anuncia pacote de redu\u00e7\u00e3o do ICMS - ACE-Guarulhos","og_description":"O governor de S\u00e3o Paulo, Geraldo Alckmin, anunciou nesta ter\u00e7a-feira, 21, as medidas que comp\u00f5em a &#8220;primavera tribut\u00e1ria&#8221;, j\u00e1 falada anteriormente. Trata-se de","og_url":"https:\/\/www.aceguarulhos.com.br\/blog\/s\u00e3o-paulo-anuncia-pacote-de-redu\u00e7\u00e3o-do-icms\/","og_site_name":"ACE-Guarulhos","article_publisher":"https:\/\/www.facebook.com\/aceguarulhos\/","article_published_time":"2004-09-21T17:59:31+00:00","author":"Assessoria de Imprensa ACE-Guarulhos","twitter_card":"summary_large_image","twitter_misc":{"Escrito por":"Assessoria de Imprensa ACE-Guarulhos","Est. tempo de leitura":"1 minuto"},"schema":{"@context":"https:\/\/schema.org","@graph":[{"@type":"Article","@id":"https:\/\/www.aceguarulhos.com.br\/blog\/s%c3%a3o-paulo-anuncia-pacote-de-redu%c3%a7%c3%a3o-do-icms\/#article","isPartOf":{"@id":"https:\/\/www.aceguarulhos.com.br\/blog\/s%c3%a3o-paulo-anuncia-pacote-de-redu%c3%a7%c3%a3o-do-icms\/"},"author":{"name":"Assessoria de Imprensa ACE-Guarulhos","@id":"https:\/\/www.aceguarulhos.com.br\/blog\/#\/schema\/person\/6983b51bad37489989e4f09698c26237"},"headline":"S\u00e3o Paulo anuncia pacote de redu\u00e7\u00e3o do ICMS","datePublished":"2004-09-21T17:59:31+00:00","mainEntityOfPage":{"@id":"https:\/\/www.aceguarulhos.com.br\/blog\/s%c3%a3o-paulo-anuncia-pacote-de-redu%c3%a7%c3%a3o-do-icms\/"},"wordCount":216,"commentCount":0,"publisher":{"@id":"https:\/\/www.aceguarulhos.com.br\/blog\/#organization"},"articleSection":["Not\u00edcias"],"inLanguage":"pt-BR"},{"@type":"WebPage","@id":"https:\/\/www.aceguarulhos.com.br\/blog\/s%c3%a3o-paulo-anuncia-pacote-de-redu%c3%a7%c3%a3o-do-icms\/","url":"https:\/\/www.aceguarulhos.com.br\/blog\/s%c3%a3o-paulo-anuncia-pacote-de-redu%c3%a7%c3%a3o-do-icms\/","name":"S\u00e3o Paulo anuncia pacote de redu\u00e7\u00e3o do ICMS - ACE-Guarulhos","isPartOf":{"@id":"https:\/\/www.aceguarulhos.com.br\/blog\/#website"},"datePublished":"2004-09-21T17:59:31+00:00","breadcrumb":{"@id":"https:\/\/www.aceguarulhos.com.br\/blog\/s%c3%a3o-paulo-anuncia-pacote-de-redu%c3%a7%c3%a3o-do-icms\/#breadcrumb"},"inLanguage":"pt-BR","potentialAction":[{"@type":"ReadAction","target":["https:\/\/www.aceguarulhos.com.br\/blog\/s%c3%a3o-paulo-anuncia-pacote-de-redu%c3%a7%c3%a3o-do-icms\/"]}]},{"@type":"BreadcrumbList","@id":"https:\/\/www.aceguarulhos.com.br\/blog\/s%c3%a3o-paulo-anuncia-pacote-de-redu%c3%a7%c3%a3o-do-icms\/#breadcrumb","itemListElement":[{"@type":"ListItem","position":1,"name":"In\u00edcio","item":"https:\/\/www.aceguarulhos.com.br\/blog\/"},{"@type":"ListItem","position":2,"name":"S\u00e3o Paulo anuncia pacote de redu\u00e7\u00e3o do ICMS"}]},{"@type":"WebSite","@id":"https:\/\/www.aceguarulhos.com.br\/blog\/#website","url":"https:\/\/www.aceguarulhos.com.br\/blog\/","name":"ACE-Guarulhos","description":"A ACE-Guarulhos \u00e9 uma associa\u00e7\u00e3o que ap\u00f3ia os empres\u00e1rios guarulhenses atrav\u00e9s da representa\u00e7\u00e3o, da gera\u00e7\u00e3o de neg\u00f3cios e presta\u00e7\u00e3o de servi\u00e7os.","publisher":{"@id":"https:\/\/www.aceguarulhos.com.br\/blog\/#organization"},"potentialAction":[{"@type":"SearchAction","target":{"@type":"EntryPoint","urlTemplate":"https:\/\/www.aceguarulhos.com.br\/blog\/?s={search_term_string}"},"query-input":{"@type":"PropertyValueSpecification","valueRequired":true,"valueName":"search_term_string"}}],"inLanguage":"pt-BR"},{"@type":"Organization","@id":"https:\/\/www.aceguarulhos.com.br\/blog\/#organization","name":"ACE-Guarulhos","url":"https:\/\/www.aceguarulhos.com.br\/blog\/","logo":{"@type":"ImageObject","inLanguage":"pt-BR","@id":"https:\/\/www.aceguarulhos.com.br\/blog\/#\/schema\/logo\/image\/","url":"https:\/\/www.aceguarulhos.com.br\/blog\/wp-content\/uploads\/2017\/12\/logo-aceguarulhos-2018.png","contentUrl":"https:\/\/www.aceguarulhos.com.br\/blog\/wp-content\/uploads\/2017\/12\/logo-aceguarulhos-2018.png","width":419,"height":76,"caption":"ACE-Guarulhos"},"image":{"@id":"https:\/\/www.aceguarulhos.com.br\/blog\/#\/schema\/logo\/image\/"},"sameAs":["https:\/\/www.facebook.com\/aceguarulhos\/","https:\/\/br.linkedin.com\/in\/ace-guarulhos-b9a97093","https:\/\/www.youtube.com\/user\/aceguarulhos"]},{"@type":"Person","@id":"https:\/\/www.aceguarulhos.com.br\/blog\/#\/schema\/person\/6983b51bad37489989e4f09698c26237","name":"Assessoria de Imprensa ACE-Guarulhos","image":{"@type":"ImageObject","inLanguage":"pt-BR","@id":"https:\/\/secure.gravatar.com\/avatar\/707f3fadd6918afeb64173ab22d8a8cb0676953098a4f31ff36dc2b4c699ef6a?s=96&d=mm&r=g","url":"https:\/\/secure.gravatar.com\/avatar\/707f3fadd6918afeb64173ab22d8a8cb0676953098a4f31ff36dc2b4c699ef6a?s=96&d=mm&r=g","contentUrl":"https:\/\/secure.gravatar.com\/avatar\/707f3fadd6918afeb64173ab22d8a8cb0676953098a4f31ff36dc2b4c699ef6a?s=96&d=mm&r=g","caption":"Assessoria de Imprensa ACE-Guarulhos"},"url":"https:\/\/www.aceguarulhos.com.br\/blog\/author\/assessoria-de-imprensa-ace-guarulhos\/"}]}},"wps_subtitle":"","amp_enabled":true,"_links":{"self":[{"href":"https:\/\/www.aceguarulhos.com.br\/blog\/wp-json\/wp\/v2\/posts\/28663","targetHints":{"allow":["GET"]}}],"collection":[{"href":"https:\/\/www.aceguarulhos.com.br\/blog\/wp-json\/wp\/v2\/posts"}],"about":[{"href":"https:\/\/www.aceguarulhos.com.br\/blog\/wp-json\/wp\/v2\/types\/post"}],"author":[{"embeddable":true,"href":"https:\/\/www.aceguarulhos.com.br\/blog\/wp-json\/wp\/v2\/users\/8"}],"replies":[{"embeddable":true,"href":"https:\/\/www.aceguarulhos.com.br\/blog\/wp-json\/wp\/v2\/comments?post=28663"}],"version-history":[{"count":0,"href":"https:\/\/www.aceguarulhos.com.br\/blog\/wp-json\/wp\/v2\/posts\/28663\/revisions"}],"wp:attachment":[{"href":"https:\/\/www.aceguarulhos.com.br\/blog\/wp-json\/wp\/v2\/media?parent=28663"}],"wp:term":[{"taxonomy":"category","embeddable":true,"href":"https:\/\/www.aceguarulhos.com.br\/blog\/wp-json\/wp\/v2\/categories?post=28663"},{"taxonomy":"post_tag","embeddable":true,"href":"https:\/\/www.aceguarulhos.com.br\/blog\/wp-json\/wp\/v2\/tags?post=28663"}],"curies":[{"name":"wp","href":"https:\/\/api.w.org\/{rel}","templated":true}]}}