{"id":28630,"date":"2004-09-13T10:10:28","date_gmt":"2004-09-13T10:10:28","guid":{"rendered":"http:\/\/www.aceguarulhos.com.br\/blog\/?p=28630"},"modified":"-0001-11-30T00:00:00","modified_gmt":"-0001-11-30T03:00:00","slug":"freada-argentina-prejudica-mercosul","status":"publish","type":"post","link":"https:\/\/www.aceguarulhos.com.br\/blog\/freada-argentina-prejudica-mercosul\/","title":{"rendered":"Freada argentina prejudica Mercosul"},"content":{"rendered":"<p><P>A recente declara\u00e7\u00e3o do presidente da Argentina, N\u00e9stor Kirchner, de que seu pa\u00eds n\u00e3o abrir\u00e1 o mercado de autom\u00f3veis para o Brasil em 2006, conforme estava acertado, reacendeu as discuss\u00f5es sobre a validade do protecionismo argentino em rela\u00e7\u00e3o a seu vizinho mais promissor. E, mais uma vez, p\u00f4s em risco n\u00e3o s\u00f3 o desenvolvimento do com\u00e9rcio bilateral, mas tamb\u00e9m o de todo o Mercosul. Mas a justificativa para a amea\u00e7a t\u00e3o grande &#8211; a de que a ind\u00fastria argentina est\u00e1 prejudicada pela enxurrada de produtos brasileiros &#8211; n\u00e3o se sustenta. <\/P><P>A recess\u00e3o econ\u00f4mica que abalou a Argentina abriu uma oportunidade \u00fanica aos exportadores brasileiros. Falta cr\u00e9dito, milhares de empresas locais fecharam as portas no auge da crise, em 2001, e as sobreviventes n\u00e3o conseguem atender a demanda atual, que reflete o reaquecimento do mercado dom\u00e9stico. Prova disso \u00e9 que a utiliza\u00e7\u00e3o da capacidade instalada da ind\u00fastria local, em setores como refinarias de petr\u00f3leo, metalurgia, papel e cart\u00e3o est\u00e1 acima de 85%. A principal sa\u00edda, ent\u00e3o, \u00e9 importar. <\/P><P>Eduardo D&#39;Alessio, presidente da D&#39;Alessio International Research Online, empresa de pesquisas de mercado de Buenos Aires, explica que a crise econ\u00f4mica ressaltou o fen\u00f4meno antiglobaliza\u00e7\u00e3o nos argentinos. &#8220;H\u00e1 clara prefer\u00eancia por produtos fabricados por empresas argentinas, mas a boa not\u00edcia para o Brasil \u00e9 que as estat\u00edsticas mostram que h\u00e1 simpatia pelo que \u00e9 fabricado aqui&#8221;, disse ele, durante recente palestra a empres\u00e1rios, promovida pela S\u00e3o Paulo Chamber Of Commerce, da Associa\u00e7\u00e3o Comercial de S\u00e3o Paulo (ACSP) e pela C\u00e2mara de Com\u00e9rcio Argentino-Brasileira. <\/P><P><STRONG>Aceita\u00e7\u00e3o<\/STRONG> &#8211; H\u00e1 produtos brasileiros, inclusive, que s\u00e3o considerados de melhor qualidade que os argentinos pela popula\u00e7\u00e3o local. \u00c9 o caso de roupas esportivas, t\u00eanis, celulares, softwares, PC\u00b4s, produtos de limpeza, gasolina, fraldas, provedores de internet e cerveja. &#8220;Essas s\u00e3o oportunidades em potencial para empresas brasileiras interessadas em ampliar sua participa\u00e7\u00e3o no mercado externo&#8221;, revelou o especialista portenho. <\/P><P>Em 2003, 60% dos argentinos declaravam-se contra a globaliza\u00e7\u00e3o, fato que ampliou a rejei\u00e7\u00e3o por produtos norte-americanos e asi\u00e1ticos. Este ano, o percentual caiu para 52%. &#8220;Os brasileiros desfrutam de uma grande aceita\u00e7\u00e3o e t\u00eam mais chances de exportar para a Argentina, considerando a localiza\u00e7\u00e3o privilegiada que barateia os custos do frete&#8221;, refor\u00e7ou D\u00b4Al\u00e9ssio. <\/P><P>Hoje, al\u00e9m das empresas argentinas serem mais valorizadas, profissionais de mais idade e menor escolaridade ganharam a prefer\u00eancia nos processos de sele\u00e7\u00e3o de emprego, enquanto as empresas estrangeiras instaladas no pa\u00eds ainda preferem pessoas com menos idade e maior n\u00edvel educacional. A pesquisa sobre o potencial de venda de produtos estrangeiros na Argentina procurou ir a fundo nessa rea\u00e7\u00e3o xenofobista e descobriu que o portenho nem sempre sabe identificar as ind\u00fastrias locais. <\/P><P>&#8220;O curioso \u00e9 que, ao pesquisarmos que marcas se identificam melhor com a Argentina, das seis mais votadas (Arcor, Quilmes, La Seren\u00edssima, Repsol YPF, SanCor e Molinos), tr\u00eas t\u00eam acionistas estrangeiros&#8221;, contou. No caso de alimentos, por exemplo, o Instituto D `Al\u00e9ssio descobriu que a origem dos produtos n\u00e3o \u00e9 um fator preponderante na hora da compra. <\/P><P><STRONG>Dados econ\u00f4micos<\/STRONG> &#8211; A Argentina em 2003 voltou a ser o segundo maior comprador de produtos brasileiros, adquirindo aqui US$ 4,56 bilh\u00f5es, com o espetacular aumento de 94,77% em rela\u00e7\u00e3o a 2002, enquanto suas exporta\u00e7\u00f5es para o Brasil tiveram uma pequena redu\u00e7\u00e3o, de 1,48%. Ainda assim, nosso principal s\u00f3cio no Mercosul nos vendeu mais do que comprou, registrando um saldo comercial de US$ 112 milh\u00f5es, conforme dados divulgados pelo Minist\u00e9rio do Desenvolvimento Ind\u00fastria e Com\u00e9rcio Exterior do Brasil. <\/P><P>Naturalmente, n\u00e3o foi s\u00f3 a ind\u00fastria argentina que veio se abastecer no Brasil. Os bens de consumo brasileiros, especialmente dur\u00e1veis e semidur\u00e1veis, tamb\u00e9m cruzaram a fronteira e acabaram indo fazer concorr\u00eancia \u00e0 produ\u00e7\u00e3o local. A ind\u00fastria t\u00eaxtil, cal\u00e7adista, de linha branca e marrom argentinas reclamaram e o governo do presidente N\u00e9stor Kirchner resolveu eliminar a autoriza\u00e7\u00e3o autom\u00e1tica para importa\u00e7\u00e3o desses produtos brasileiros. Atitude que agora se repete no setor automotivo. <\/P><P>Para Michel Alaby, presidente da Associa\u00e7\u00e3o de Empresas Brasileiras para Integra\u00e7\u00e3o ao Mercosul, (Adebim), ainda \u00e9 prov\u00e1vel que outros setores industriais argentinos tamb\u00e9m reclamem, caso do mobili\u00e1rio. &#8220;H\u00e1 problemas, sim, mas tamb\u00e9m h\u00e1 solu\u00e7\u00f5es capazes de atender aos interesses dos dois pa\u00edses. Acho que est\u00e1 na hora de definir uma estrat\u00e9gia comum para conquistar outros mercados, sob o selo made in Mercosul&#8221;, afirmou. <\/P><P>Ap\u00f3s cinco anos de recess\u00e3o intensa, os argentinos parecem ter reencontrado o caminho do desenvolvimento. <\/P><P><STRONG>Tsuli Narimatsu<\/STRONG><\/P><\/p>\n","protected":false},"excerpt":{"rendered":"A recente declara\u00e7\u00e3o do presidente da Argentina, N\u00e9stor Kirchner, de que seu pa\u00eds n\u00e3o abrir\u00e1 o mercado de autom\u00f3veis para o Brasil em \n<a class=\"moretag\" href=\"https:\/\/www.aceguarulhos.com.br\/blog\/freada-argentina-prejudica-mercosul\/\"> [...]<\/a>","protected":false},"author":8,"featured_media":0,"comment_status":"open","ping_status":"open","sticky":false,"template":"","format":"standard","meta":{"footnotes":""},"categories":[2],"tags":[],"class_list":["post-28630","post","type-post","status-publish","format-standard","hentry","category-noticias"],"yoast_head":"<!-- This site is optimized with the Yoast SEO plugin v28.1 - https:\/\/yoast.com\/product\/yoast-seo-wordpress\/ -->\n<title>Freada argentina prejudica Mercosul - ACE-Guarulhos<\/title>\n<meta name=\"robots\" content=\"index, follow, max-snippet:-1, max-image-preview:large, max-video-preview:-1\" \/>\n<link rel=\"canonical\" href=\"https:\/\/www.aceguarulhos.com.br\/blog\/freada-argentina-prejudica-mercosul\/\" \/>\n<meta property=\"og:locale\" content=\"pt_BR\" \/>\n<meta property=\"og:type\" content=\"article\" \/>\n<meta property=\"og:title\" content=\"Freada argentina prejudica Mercosul - ACE-Guarulhos\" \/>\n<meta property=\"og:description\" content=\"A recente declara\u00e7\u00e3o do presidente da Argentina, N\u00e9stor Kirchner, de que seu pa\u00eds n\u00e3o abrir\u00e1 o mercado de autom\u00f3veis para o Brasil em\" \/>\n<meta property=\"og:url\" content=\"https:\/\/www.aceguarulhos.com.br\/blog\/freada-argentina-prejudica-mercosul\/\" \/>\n<meta property=\"og:site_name\" content=\"ACE-Guarulhos\" \/>\n<meta property=\"article:publisher\" content=\"https:\/\/www.facebook.com\/aceguarulhos\/\" \/>\n<meta property=\"article:published_time\" content=\"2004-09-13T10:10:28+00:00\" \/>\n<meta name=\"author\" content=\"Assessoria de Imprensa ACE-Guarulhos\" \/>\n<meta name=\"twitter:card\" content=\"summary_large_image\" \/>\n<meta name=\"twitter:label1\" content=\"Escrito por\" \/>\n\t<meta name=\"twitter:data1\" content=\"Assessoria de Imprensa ACE-Guarulhos\" \/>\n\t<meta name=\"twitter:label2\" content=\"Est. tempo de leitura\" \/>\n\t<meta name=\"twitter:data2\" content=\"4 minutos\" \/>\n<script type=\"application\/ld+json\" class=\"yoast-schema-graph\">{\"@context\":\"https:\\\/\\\/schema.org\",\"@graph\":[{\"@type\":\"Article\",\"@id\":\"https:\\\/\\\/www.aceguarulhos.com.br\\\/blog\\\/freada-argentina-prejudica-mercosul\\\/#article\",\"isPartOf\":{\"@id\":\"https:\\\/\\\/www.aceguarulhos.com.br\\\/blog\\\/freada-argentina-prejudica-mercosul\\\/\"},\"author\":{\"name\":\"Assessoria de Imprensa ACE-Guarulhos\",\"@id\":\"https:\\\/\\\/www.aceguarulhos.com.br\\\/blog\\\/#\\\/schema\\\/person\\\/6983b51bad37489989e4f09698c26237\"},\"headline\":\"Freada argentina prejudica Mercosul\",\"datePublished\":\"2004-09-13T10:10:28+00:00\",\"mainEntityOfPage\":{\"@id\":\"https:\\\/\\\/www.aceguarulhos.com.br\\\/blog\\\/freada-argentina-prejudica-mercosul\\\/\"},\"wordCount\":805,\"commentCount\":0,\"publisher\":{\"@id\":\"https:\\\/\\\/www.aceguarulhos.com.br\\\/blog\\\/#organization\"},\"articleSection\":[\"Not\u00edcias\"],\"inLanguage\":\"pt-BR\"},{\"@type\":\"WebPage\",\"@id\":\"https:\\\/\\\/www.aceguarulhos.com.br\\\/blog\\\/freada-argentina-prejudica-mercosul\\\/\",\"url\":\"https:\\\/\\\/www.aceguarulhos.com.br\\\/blog\\\/freada-argentina-prejudica-mercosul\\\/\",\"name\":\"Freada argentina prejudica Mercosul - ACE-Guarulhos\",\"isPartOf\":{\"@id\":\"https:\\\/\\\/www.aceguarulhos.com.br\\\/blog\\\/#website\"},\"datePublished\":\"2004-09-13T10:10:28+00:00\",\"breadcrumb\":{\"@id\":\"https:\\\/\\\/www.aceguarulhos.com.br\\\/blog\\\/freada-argentina-prejudica-mercosul\\\/#breadcrumb\"},\"inLanguage\":\"pt-BR\",\"potentialAction\":[{\"@type\":\"ReadAction\",\"target\":[\"https:\\\/\\\/www.aceguarulhos.com.br\\\/blog\\\/freada-argentina-prejudica-mercosul\\\/\"]}]},{\"@type\":\"BreadcrumbList\",\"@id\":\"https:\\\/\\\/www.aceguarulhos.com.br\\\/blog\\\/freada-argentina-prejudica-mercosul\\\/#breadcrumb\",\"itemListElement\":[{\"@type\":\"ListItem\",\"position\":1,\"name\":\"In\u00edcio\",\"item\":\"https:\\\/\\\/www.aceguarulhos.com.br\\\/blog\\\/\"},{\"@type\":\"ListItem\",\"position\":2,\"name\":\"Freada argentina prejudica Mercosul\"}]},{\"@type\":\"WebSite\",\"@id\":\"https:\\\/\\\/www.aceguarulhos.com.br\\\/blog\\\/#website\",\"url\":\"https:\\\/\\\/www.aceguarulhos.com.br\\\/blog\\\/\",\"name\":\"ACE-Guarulhos\",\"description\":\"A ACE-Guarulhos \u00e9 uma associa\u00e7\u00e3o que ap\u00f3ia os empres\u00e1rios guarulhenses atrav\u00e9s da representa\u00e7\u00e3o, da gera\u00e7\u00e3o de neg\u00f3cios e presta\u00e7\u00e3o de servi\u00e7os.\",\"publisher\":{\"@id\":\"https:\\\/\\\/www.aceguarulhos.com.br\\\/blog\\\/#organization\"},\"potentialAction\":[{\"@type\":\"SearchAction\",\"target\":{\"@type\":\"EntryPoint\",\"urlTemplate\":\"https:\\\/\\\/www.aceguarulhos.com.br\\\/blog\\\/?s={search_term_string}\"},\"query-input\":{\"@type\":\"PropertyValueSpecification\",\"valueRequired\":true,\"valueName\":\"search_term_string\"}}],\"inLanguage\":\"pt-BR\"},{\"@type\":\"Organization\",\"@id\":\"https:\\\/\\\/www.aceguarulhos.com.br\\\/blog\\\/#organization\",\"name\":\"ACE-Guarulhos\",\"url\":\"https:\\\/\\\/www.aceguarulhos.com.br\\\/blog\\\/\",\"logo\":{\"@type\":\"ImageObject\",\"inLanguage\":\"pt-BR\",\"@id\":\"https:\\\/\\\/www.aceguarulhos.com.br\\\/blog\\\/#\\\/schema\\\/logo\\\/image\\\/\",\"url\":\"https:\\\/\\\/www.aceguarulhos.com.br\\\/blog\\\/wp-content\\\/uploads\\\/2017\\\/12\\\/logo-aceguarulhos-2018.png\",\"contentUrl\":\"https:\\\/\\\/www.aceguarulhos.com.br\\\/blog\\\/wp-content\\\/uploads\\\/2017\\\/12\\\/logo-aceguarulhos-2018.png\",\"width\":419,\"height\":76,\"caption\":\"ACE-Guarulhos\"},\"image\":{\"@id\":\"https:\\\/\\\/www.aceguarulhos.com.br\\\/blog\\\/#\\\/schema\\\/logo\\\/image\\\/\"},\"sameAs\":[\"https:\\\/\\\/www.facebook.com\\\/aceguarulhos\\\/\",\"https:\\\/\\\/br.linkedin.com\\\/in\\\/ace-guarulhos-b9a97093\",\"https:\\\/\\\/www.youtube.com\\\/user\\\/aceguarulhos\"]},{\"@type\":\"Person\",\"@id\":\"https:\\\/\\\/www.aceguarulhos.com.br\\\/blog\\\/#\\\/schema\\\/person\\\/6983b51bad37489989e4f09698c26237\",\"name\":\"Assessoria de Imprensa ACE-Guarulhos\",\"image\":{\"@type\":\"ImageObject\",\"inLanguage\":\"pt-BR\",\"@id\":\"https:\\\/\\\/secure.gravatar.com\\\/avatar\\\/707f3fadd6918afeb64173ab22d8a8cb0676953098a4f31ff36dc2b4c699ef6a?s=96&d=mm&r=g\",\"url\":\"https:\\\/\\\/secure.gravatar.com\\\/avatar\\\/707f3fadd6918afeb64173ab22d8a8cb0676953098a4f31ff36dc2b4c699ef6a?s=96&d=mm&r=g\",\"contentUrl\":\"https:\\\/\\\/secure.gravatar.com\\\/avatar\\\/707f3fadd6918afeb64173ab22d8a8cb0676953098a4f31ff36dc2b4c699ef6a?s=96&d=mm&r=g\",\"caption\":\"Assessoria de Imprensa ACE-Guarulhos\"},\"url\":\"https:\\\/\\\/www.aceguarulhos.com.br\\\/blog\\\/author\\\/assessoria-de-imprensa-ace-guarulhos\\\/\"}]}<\/script>\n<!-- \/ Yoast SEO plugin. -->","yoast_head_json":{"title":"Freada argentina prejudica Mercosul - ACE-Guarulhos","robots":{"index":"index","follow":"follow","max-snippet":"max-snippet:-1","max-image-preview":"max-image-preview:large","max-video-preview":"max-video-preview:-1"},"canonical":"https:\/\/www.aceguarulhos.com.br\/blog\/freada-argentina-prejudica-mercosul\/","og_locale":"pt_BR","og_type":"article","og_title":"Freada argentina prejudica Mercosul - ACE-Guarulhos","og_description":"A recente declara\u00e7\u00e3o do presidente da Argentina, N\u00e9stor Kirchner, de que seu pa\u00eds n\u00e3o abrir\u00e1 o mercado de autom\u00f3veis para o Brasil em","og_url":"https:\/\/www.aceguarulhos.com.br\/blog\/freada-argentina-prejudica-mercosul\/","og_site_name":"ACE-Guarulhos","article_publisher":"https:\/\/www.facebook.com\/aceguarulhos\/","article_published_time":"2004-09-13T10:10:28+00:00","author":"Assessoria de Imprensa ACE-Guarulhos","twitter_card":"summary_large_image","twitter_misc":{"Escrito por":"Assessoria de Imprensa ACE-Guarulhos","Est. tempo de leitura":"4 minutos"},"schema":{"@context":"https:\/\/schema.org","@graph":[{"@type":"Article","@id":"https:\/\/www.aceguarulhos.com.br\/blog\/freada-argentina-prejudica-mercosul\/#article","isPartOf":{"@id":"https:\/\/www.aceguarulhos.com.br\/blog\/freada-argentina-prejudica-mercosul\/"},"author":{"name":"Assessoria de Imprensa ACE-Guarulhos","@id":"https:\/\/www.aceguarulhos.com.br\/blog\/#\/schema\/person\/6983b51bad37489989e4f09698c26237"},"headline":"Freada argentina prejudica Mercosul","datePublished":"2004-09-13T10:10:28+00:00","mainEntityOfPage":{"@id":"https:\/\/www.aceguarulhos.com.br\/blog\/freada-argentina-prejudica-mercosul\/"},"wordCount":805,"commentCount":0,"publisher":{"@id":"https:\/\/www.aceguarulhos.com.br\/blog\/#organization"},"articleSection":["Not\u00edcias"],"inLanguage":"pt-BR"},{"@type":"WebPage","@id":"https:\/\/www.aceguarulhos.com.br\/blog\/freada-argentina-prejudica-mercosul\/","url":"https:\/\/www.aceguarulhos.com.br\/blog\/freada-argentina-prejudica-mercosul\/","name":"Freada argentina prejudica Mercosul - ACE-Guarulhos","isPartOf":{"@id":"https:\/\/www.aceguarulhos.com.br\/blog\/#website"},"datePublished":"2004-09-13T10:10:28+00:00","breadcrumb":{"@id":"https:\/\/www.aceguarulhos.com.br\/blog\/freada-argentina-prejudica-mercosul\/#breadcrumb"},"inLanguage":"pt-BR","potentialAction":[{"@type":"ReadAction","target":["https:\/\/www.aceguarulhos.com.br\/blog\/freada-argentina-prejudica-mercosul\/"]}]},{"@type":"BreadcrumbList","@id":"https:\/\/www.aceguarulhos.com.br\/blog\/freada-argentina-prejudica-mercosul\/#breadcrumb","itemListElement":[{"@type":"ListItem","position":1,"name":"In\u00edcio","item":"https:\/\/www.aceguarulhos.com.br\/blog\/"},{"@type":"ListItem","position":2,"name":"Freada argentina prejudica Mercosul"}]},{"@type":"WebSite","@id":"https:\/\/www.aceguarulhos.com.br\/blog\/#website","url":"https:\/\/www.aceguarulhos.com.br\/blog\/","name":"ACE-Guarulhos","description":"A ACE-Guarulhos \u00e9 uma associa\u00e7\u00e3o que ap\u00f3ia os empres\u00e1rios guarulhenses atrav\u00e9s da representa\u00e7\u00e3o, da gera\u00e7\u00e3o de neg\u00f3cios e presta\u00e7\u00e3o de servi\u00e7os.","publisher":{"@id":"https:\/\/www.aceguarulhos.com.br\/blog\/#organization"},"potentialAction":[{"@type":"SearchAction","target":{"@type":"EntryPoint","urlTemplate":"https:\/\/www.aceguarulhos.com.br\/blog\/?s={search_term_string}"},"query-input":{"@type":"PropertyValueSpecification","valueRequired":true,"valueName":"search_term_string"}}],"inLanguage":"pt-BR"},{"@type":"Organization","@id":"https:\/\/www.aceguarulhos.com.br\/blog\/#organization","name":"ACE-Guarulhos","url":"https:\/\/www.aceguarulhos.com.br\/blog\/","logo":{"@type":"ImageObject","inLanguage":"pt-BR","@id":"https:\/\/www.aceguarulhos.com.br\/blog\/#\/schema\/logo\/image\/","url":"https:\/\/www.aceguarulhos.com.br\/blog\/wp-content\/uploads\/2017\/12\/logo-aceguarulhos-2018.png","contentUrl":"https:\/\/www.aceguarulhos.com.br\/blog\/wp-content\/uploads\/2017\/12\/logo-aceguarulhos-2018.png","width":419,"height":76,"caption":"ACE-Guarulhos"},"image":{"@id":"https:\/\/www.aceguarulhos.com.br\/blog\/#\/schema\/logo\/image\/"},"sameAs":["https:\/\/www.facebook.com\/aceguarulhos\/","https:\/\/br.linkedin.com\/in\/ace-guarulhos-b9a97093","https:\/\/www.youtube.com\/user\/aceguarulhos"]},{"@type":"Person","@id":"https:\/\/www.aceguarulhos.com.br\/blog\/#\/schema\/person\/6983b51bad37489989e4f09698c26237","name":"Assessoria de Imprensa ACE-Guarulhos","image":{"@type":"ImageObject","inLanguage":"pt-BR","@id":"https:\/\/secure.gravatar.com\/avatar\/707f3fadd6918afeb64173ab22d8a8cb0676953098a4f31ff36dc2b4c699ef6a?s=96&d=mm&r=g","url":"https:\/\/secure.gravatar.com\/avatar\/707f3fadd6918afeb64173ab22d8a8cb0676953098a4f31ff36dc2b4c699ef6a?s=96&d=mm&r=g","contentUrl":"https:\/\/secure.gravatar.com\/avatar\/707f3fadd6918afeb64173ab22d8a8cb0676953098a4f31ff36dc2b4c699ef6a?s=96&d=mm&r=g","caption":"Assessoria de Imprensa ACE-Guarulhos"},"url":"https:\/\/www.aceguarulhos.com.br\/blog\/author\/assessoria-de-imprensa-ace-guarulhos\/"}]}},"wps_subtitle":"","amp_enabled":true,"_links":{"self":[{"href":"https:\/\/www.aceguarulhos.com.br\/blog\/wp-json\/wp\/v2\/posts\/28630","targetHints":{"allow":["GET"]}}],"collection":[{"href":"https:\/\/www.aceguarulhos.com.br\/blog\/wp-json\/wp\/v2\/posts"}],"about":[{"href":"https:\/\/www.aceguarulhos.com.br\/blog\/wp-json\/wp\/v2\/types\/post"}],"author":[{"embeddable":true,"href":"https:\/\/www.aceguarulhos.com.br\/blog\/wp-json\/wp\/v2\/users\/8"}],"replies":[{"embeddable":true,"href":"https:\/\/www.aceguarulhos.com.br\/blog\/wp-json\/wp\/v2\/comments?post=28630"}],"version-history":[{"count":0,"href":"https:\/\/www.aceguarulhos.com.br\/blog\/wp-json\/wp\/v2\/posts\/28630\/revisions"}],"wp:attachment":[{"href":"https:\/\/www.aceguarulhos.com.br\/blog\/wp-json\/wp\/v2\/media?parent=28630"}],"wp:term":[{"taxonomy":"category","embeddable":true,"href":"https:\/\/www.aceguarulhos.com.br\/blog\/wp-json\/wp\/v2\/categories?post=28630"},{"taxonomy":"post_tag","embeddable":true,"href":"https:\/\/www.aceguarulhos.com.br\/blog\/wp-json\/wp\/v2\/tags?post=28630"}],"curies":[{"name":"wp","href":"https:\/\/api.w.org\/{rel}","templated":true}]}}